{"id":2128,"date":"2017-03-13T11:49:13","date_gmt":"2017-03-13T11:49:13","guid":{"rendered":"http:\/\/www.manttest.net\/cat\/?p=2128"},"modified":"2017-10-17T13:22:40","modified_gmt":"2017-10-17T11:22:40","slug":"test-jg-de-la-ma-de-josep-orti-participara-al-6e-congres-espanyol-de-manteniment","status":"publish","type":"post","link":"https:\/\/www.testjg.es\/ca\/jornades_seminaris\/test-jg-de-la-ma-de-josep-orti-participara-al-6e-congres-espanyol-de-manteniment\/","title":{"rendered":"TEST JG, de la m\u00e0 de Josep Ort\u00ed, participar\u00e0 al 6\u00e8 Congr\u00e9s Espanyol de Manteniment"},"content":{"rendered":"<p>Els pr\u00f2xims dies 28, 29 i 30 de Mar\u00e7, se celebrar\u00e0 el <a href=\"http:\/\/congreso2017.aem.es\/\" target=\"_blank\" rel=\"noopener\"><span style=\"color: #ff6600;\">6\u00e8 Congr\u00e9s Espanyol de Manteniment<\/span><\/a>, organitzat per l\u2019<a href=\"http:\/\/www.aem.es\/\" target=\"_blank\" rel=\"noopener\"><span style=\"color: #ff6600;\">Associaci\u00f3 Espanyola de Manteniment<\/span><\/a> al <a href=\"http:\/\/www.palautarragona.com\/CA\/\" target=\"_blank\" rel=\"noopener\"><span style=\"color: #ff6600;\">Palau de Congressos de Tarragona<\/span><\/a>.<!--more--><\/p>\n<p>Tarragona ser\u00e0 l\u2019escenari on es reuniran professionals del sector, entre ells, nombrosos directors, per debatre, aportar idees i compartir experi\u00e8ncies. El Congr\u00e9s s\u2019estructurar\u00e0 en diferents espais i les confer\u00e8ncies seran simult\u00e0nies en 3 sales diferents.<\/p>\n<p><a href=\"https:\/\/www.linkedin.com\/in\/josep-ort%C3%AD-i-llop-2866782a\/\" target=\"_blank\" rel=\"noopener\"><span style=\"color: #ff6600;\"><b>Josep Ort\u00ed<\/b><\/span><\/a>, Director i Gerent de <a href=\"https:\/\/www.linkedin.com\/company\/test-jg\" target=\"_blank\" rel=\"noopener\"><span style=\"color: #ff6600;\"><b>TEST JG<\/b><\/span><\/a>, oferir\u00e0 una pon\u00e8ncia sobre \u201cels nous models de Gesti\u00f3 d\u2019Infraestructures\u201d, el pr\u00f2xim 29 de mar\u00e7 a les 16:00 h a la sala B del Palau de Congressos de Tarragona.<\/p>\n<p>Per a m\u00e9s informaci\u00f3, podeu consultar el programa <a href=\"http:\/\/congreso2017.aem.es\/app\/views\/home\/img\/programa.pdf\" target=\"_blank\" rel=\"noopener\"><span style=\"color: #ff6600;\">aqu\u00ed<\/span><\/a>.<\/p>\n","protected":false},"excerpt":{"rendered":"<p>Els pr\u00f2xims dies 28, 29 i 30 de Mar\u00e7, se celebrar\u00e0 el 6\u00e8 Congr\u00e9s Espanyol de Manteniment, organitzat per l\u2019Associaci\u00f3 Espanyola de Manteniment al Palau de Congressos de Tarragona.<\/p>\n","protected":false},"author":4,"featured_media":2972,"comment_status":"closed","ping_status":"closed","sticky":false,"template":"","format":"standard","meta":{"_acf_changed":false,"footnotes":""},"categories":[149,144,145],"tags":[93,104,109,107],"class_list":["post-2128","post","type-post","status-publish","format-standard","has-post-thumbnail","hentry","category-jg-ingenieros","category-jornades_seminaris","category-test_jg","tag-aem","tag-facility-management","tag-jg-ingenieros","tag-test-jg"],"acf":[],"yoast_head":"<!-- This site is optimized with the Yoast SEO plugin v24.3 - https:\/\/yoast.com\/wordpress\/plugins\/seo\/ -->\n<title>TEST JG, de la m\u00e0 de Josep Ort\u00ed, participar\u00e0 al 6\u00e8 Congr\u00e9s Espanyol de Manteniment - TEST JG<\/title>\n<meta name=\"robots\" content=\"index, follow, max-snippet:-1, max-image-preview:large, max-video-preview:-1\" \/>\n<link rel=\"canonical\" href=\"https:\/\/www.testjg.es\/ca\/jornades_seminaris\/test-jg-de-la-ma-de-josep-orti-participara-al-6e-congres-espanyol-de-manteniment\/\" \/>\n<meta property=\"og:locale\" content=\"ca_ES\" \/>\n<meta property=\"og:type\" content=\"article\" \/>\n<meta property=\"og:title\" content=\"TEST JG, de la m\u00e0 de Josep Ort\u00ed, participar\u00e0 al 6\u00e8 Congr\u00e9s Espanyol de Manteniment - TEST JG\" \/>\n<meta property=\"og:description\" content=\"Els pr\u00f2xims dies 28, 29 i 30 de Mar\u00e7, se celebrar\u00e0 el 6\u00e8 Congr\u00e9s Espanyol de Manteniment, organitzat per l\u2019Associaci\u00f3 Espanyola de Manteniment al Palau de Congressos de Tarragona.\" \/>\n<meta property=\"og:url\" content=\"https:\/\/www.testjg.es\/ca\/jornades_seminaris\/test-jg-de-la-ma-de-josep-orti-participara-al-6e-congres-espanyol-de-manteniment\/\" \/>\n<meta property=\"og:site_name\" content=\"TEST JG\" \/>\n<meta property=\"article:published_time\" content=\"2017-03-13T11:49:13+00:00\" \/>\n<meta property=\"article:modified_time\" content=\"2017-10-17T11:22:40+00:00\" \/>\n<meta property=\"og:image\" content=\"https:\/\/www.testjg.es\/wp-content\/uploads\/2017\/03\/6\u00ba-congreso-AEM-1170x558_c.jpg\" \/>\n\t<meta property=\"og:image:width\" content=\"1170\" \/>\n\t<meta property=\"og:image:height\" content=\"558\" \/>\n\t<meta property=\"og:image:type\" content=\"image\/jpeg\" \/>\n<meta name=\"author\" content=\"javier\" \/>\n<meta name=\"twitter:card\" content=\"summary_large_image\" \/>\n<meta name=\"twitter:label1\" content=\"Escrit per\" \/>\n\t<meta name=\"twitter:data1\" content=\"javier\" \/>\n\t<meta name=\"twitter:label2\" content=\"Temps estimat de lectura\" \/>\n\t<meta name=\"twitter:data2\" content=\"1 minut\" \/>\n<script type=\"application\/ld+json\" class=\"yoast-schema-graph\">{\"@context\":\"https:\/\/schema.org\",\"@graph\":[{\"@type\":\"WebPage\",\"@id\":\"https:\/\/www.testjg.es\/ca\/jornades_seminaris\/test-jg-de-la-ma-de-josep-orti-participara-al-6e-congres-espanyol-de-manteniment\/\",\"url\":\"https:\/\/www.testjg.es\/ca\/jornades_seminaris\/test-jg-de-la-ma-de-josep-orti-participara-al-6e-congres-espanyol-de-manteniment\/\",\"name\":\"TEST JG, de la m\u00e0 de Josep Ort\u00ed, participar\u00e0 al 6\u00e8 Congr\u00e9s Espanyol de Manteniment - TEST JG\",\"isPartOf\":{\"@id\":\"https:\/\/www.testjg.es\/en\/#website\"},\"primaryImageOfPage\":{\"@id\":\"https:\/\/www.testjg.es\/ca\/jornades_seminaris\/test-jg-de-la-ma-de-josep-orti-participara-al-6e-congres-espanyol-de-manteniment\/#primaryimage\"},\"image\":{\"@id\":\"https:\/\/www.testjg.es\/ca\/jornades_seminaris\/test-jg-de-la-ma-de-josep-orti-participara-al-6e-congres-espanyol-de-manteniment\/#primaryimage\"},\"thumbnailUrl\":\"https:\/\/www.testjg.es\/wp-content\/uploads\/2017\/03\/6\u00ba-congreso-AEM-1170x558_c.jpg\",\"datePublished\":\"2017-03-13T11:49:13+00:00\",\"dateModified\":\"2017-10-17T11:22:40+00:00\",\"author\":{\"@id\":\"https:\/\/www.testjg.es\/en\/#\/schema\/person\/288191d18868c16768f7e42d38e6cb86\"},\"breadcrumb\":{\"@id\":\"https:\/\/www.testjg.es\/ca\/jornades_seminaris\/test-jg-de-la-ma-de-josep-orti-participara-al-6e-congres-espanyol-de-manteniment\/#breadcrumb\"},\"inLanguage\":\"ca\",\"potentialAction\":[{\"@type\":\"ReadAction\",\"target\":[\"https:\/\/www.testjg.es\/ca\/jornades_seminaris\/test-jg-de-la-ma-de-josep-orti-participara-al-6e-congres-espanyol-de-manteniment\/\"]}]},{\"@type\":\"ImageObject\",\"inLanguage\":\"ca\",\"@id\":\"https:\/\/www.testjg.es\/ca\/jornades_seminaris\/test-jg-de-la-ma-de-josep-orti-participara-al-6e-congres-espanyol-de-manteniment\/#primaryimage\",\"url\":\"https:\/\/www.testjg.es\/wp-content\/uploads\/2017\/03\/6\u00ba-congreso-AEM-1170x558_c.jpg\",\"contentUrl\":\"https:\/\/www.testjg.es\/wp-content\/uploads\/2017\/03\/6\u00ba-congreso-AEM-1170x558_c.jpg\",\"width\":1170,\"height\":558},{\"@type\":\"BreadcrumbList\",\"@id\":\"https:\/\/www.testjg.es\/ca\/jornades_seminaris\/test-jg-de-la-ma-de-josep-orti-participara-al-6e-congres-espanyol-de-manteniment\/#breadcrumb\",\"itemListElement\":[{\"@type\":\"ListItem\",\"position\":1,\"name\":\"Portada\",\"item\":\"https:\/\/www.testjg.es\/en\/\"},{\"@type\":\"ListItem\",\"position\":2,\"name\":\"TEST JG, de la m\u00e0 de Josep Ort\u00ed, participar\u00e0 al 6\u00e8 Congr\u00e9s Espanyol de Manteniment\"}]},{\"@type\":\"WebSite\",\"@id\":\"https:\/\/www.testjg.es\/en\/#website\",\"url\":\"https:\/\/www.testjg.es\/en\/\",\"name\":\"TEST JG\",\"description\":\"\",\"potentialAction\":[{\"@type\":\"SearchAction\",\"target\":{\"@type\":\"EntryPoint\",\"urlTemplate\":\"https:\/\/www.testjg.es\/en\/?s={search_term_string}\"},\"query-input\":{\"@type\":\"PropertyValueSpecification\",\"valueRequired\":true,\"valueName\":\"search_term_string\"}}],\"inLanguage\":\"ca\"},{\"@type\":\"Person\",\"@id\":\"https:\/\/www.testjg.es\/en\/#\/schema\/person\/288191d18868c16768f7e42d38e6cb86\",\"name\":\"javier\",\"image\":{\"@type\":\"ImageObject\",\"inLanguage\":\"ca\",\"@id\":\"https:\/\/www.testjg.es\/en\/#\/schema\/person\/image\/\",\"url\":\"https:\/\/secure.gravatar.com\/avatar\/9ed0819d6cc89c599d579e2fb4b8ba8f?s=96&d=mm&r=g\",\"contentUrl\":\"https:\/\/secure.gravatar.com\/avatar\/9ed0819d6cc89c599d579e2fb4b8ba8f?s=96&d=mm&r=g\",\"caption\":\"javier\"},\"url\":\"https:\/\/www.testjg.es\/ca\/author\/javier\/\"}]}<\/script>\n<!-- \/ Yoast SEO plugin. -->","yoast_head_json":{"title":"TEST JG, de la m\u00e0 de Josep Ort\u00ed, participar\u00e0 al 6\u00e8 Congr\u00e9s Espanyol de Manteniment - TEST JG","robots":{"index":"index","follow":"follow","max-snippet":"max-snippet:-1","max-image-preview":"max-image-preview:large","max-video-preview":"max-video-preview:-1"},"canonical":"https:\/\/www.testjg.es\/ca\/jornades_seminaris\/test-jg-de-la-ma-de-josep-orti-participara-al-6e-congres-espanyol-de-manteniment\/","og_locale":"ca_ES","og_type":"article","og_title":"TEST JG, de la m\u00e0 de Josep Ort\u00ed, participar\u00e0 al 6\u00e8 Congr\u00e9s Espanyol de Manteniment - TEST JG","og_description":"Els pr\u00f2xims dies 28, 29 i 30 de Mar\u00e7, se celebrar\u00e0 el 6\u00e8 Congr\u00e9s Espanyol de Manteniment, organitzat per l\u2019Associaci\u00f3 Espanyola de Manteniment al Palau de Congressos de Tarragona.","og_url":"https:\/\/www.testjg.es\/ca\/jornades_seminaris\/test-jg-de-la-ma-de-josep-orti-participara-al-6e-congres-espanyol-de-manteniment\/","og_site_name":"TEST JG","article_published_time":"2017-03-13T11:49:13+00:00","article_modified_time":"2017-10-17T11:22:40+00:00","og_image":[{"width":1170,"height":558,"url":"https:\/\/www.testjg.es\/wp-content\/uploads\/2017\/03\/6\u00ba-congreso-AEM-1170x558_c.jpg","type":"image\/jpeg"}],"author":"javier","twitter_card":"summary_large_image","twitter_misc":{"Escrit per":"javier","Temps estimat de lectura":"1 minut"},"schema":{"@context":"https:\/\/schema.org","@graph":[{"@type":"WebPage","@id":"https:\/\/www.testjg.es\/ca\/jornades_seminaris\/test-jg-de-la-ma-de-josep-orti-participara-al-6e-congres-espanyol-de-manteniment\/","url":"https:\/\/www.testjg.es\/ca\/jornades_seminaris\/test-jg-de-la-ma-de-josep-orti-participara-al-6e-congres-espanyol-de-manteniment\/","name":"TEST JG, de la m\u00e0 de Josep Ort\u00ed, participar\u00e0 al 6\u00e8 Congr\u00e9s Espanyol de Manteniment - TEST JG","isPartOf":{"@id":"https:\/\/www.testjg.es\/en\/#website"},"primaryImageOfPage":{"@id":"https:\/\/www.testjg.es\/ca\/jornades_seminaris\/test-jg-de-la-ma-de-josep-orti-participara-al-6e-congres-espanyol-de-manteniment\/#primaryimage"},"image":{"@id":"https:\/\/www.testjg.es\/ca\/jornades_seminaris\/test-jg-de-la-ma-de-josep-orti-participara-al-6e-congres-espanyol-de-manteniment\/#primaryimage"},"thumbnailUrl":"https:\/\/www.testjg.es\/wp-content\/uploads\/2017\/03\/6\u00ba-congreso-AEM-1170x558_c.jpg","datePublished":"2017-03-13T11:49:13+00:00","dateModified":"2017-10-17T11:22:40+00:00","author":{"@id":"https:\/\/www.testjg.es\/en\/#\/schema\/person\/288191d18868c16768f7e42d38e6cb86"},"breadcrumb":{"@id":"https:\/\/www.testjg.es\/ca\/jornades_seminaris\/test-jg-de-la-ma-de-josep-orti-participara-al-6e-congres-espanyol-de-manteniment\/#breadcrumb"},"inLanguage":"ca","potentialAction":[{"@type":"ReadAction","target":["https:\/\/www.testjg.es\/ca\/jornades_seminaris\/test-jg-de-la-ma-de-josep-orti-participara-al-6e-congres-espanyol-de-manteniment\/"]}]},{"@type":"ImageObject","inLanguage":"ca","@id":"https:\/\/www.testjg.es\/ca\/jornades_seminaris\/test-jg-de-la-ma-de-josep-orti-participara-al-6e-congres-espanyol-de-manteniment\/#primaryimage","url":"https:\/\/www.testjg.es\/wp-content\/uploads\/2017\/03\/6\u00ba-congreso-AEM-1170x558_c.jpg","contentUrl":"https:\/\/www.testjg.es\/wp-content\/uploads\/2017\/03\/6\u00ba-congreso-AEM-1170x558_c.jpg","width":1170,"height":558},{"@type":"BreadcrumbList","@id":"https:\/\/www.testjg.es\/ca\/jornades_seminaris\/test-jg-de-la-ma-de-josep-orti-participara-al-6e-congres-espanyol-de-manteniment\/#breadcrumb","itemListElement":[{"@type":"ListItem","position":1,"name":"Portada","item":"https:\/\/www.testjg.es\/en\/"},{"@type":"ListItem","position":2,"name":"TEST JG, de la m\u00e0 de Josep Ort\u00ed, participar\u00e0 al 6\u00e8 Congr\u00e9s Espanyol de Manteniment"}]},{"@type":"WebSite","@id":"https:\/\/www.testjg.es\/en\/#website","url":"https:\/\/www.testjg.es\/en\/","name":"TEST JG","description":"","potentialAction":[{"@type":"SearchAction","target":{"@type":"EntryPoint","urlTemplate":"https:\/\/www.testjg.es\/en\/?s={search_term_string}"},"query-input":{"@type":"PropertyValueSpecification","valueRequired":true,"valueName":"search_term_string"}}],"inLanguage":"ca"},{"@type":"Person","@id":"https:\/\/www.testjg.es\/en\/#\/schema\/person\/288191d18868c16768f7e42d38e6cb86","name":"javier","image":{"@type":"ImageObject","inLanguage":"ca","@id":"https:\/\/www.testjg.es\/en\/#\/schema\/person\/image\/","url":"https:\/\/secure.gravatar.com\/avatar\/9ed0819d6cc89c599d579e2fb4b8ba8f?s=96&d=mm&r=g","contentUrl":"https:\/\/secure.gravatar.com\/avatar\/9ed0819d6cc89c599d579e2fb4b8ba8f?s=96&d=mm&r=g","caption":"javier"},"url":"https:\/\/www.testjg.es\/ca\/author\/javier\/"}]}},"_links":{"self":[{"href":"https:\/\/www.testjg.es\/ca\/wp-json\/wp\/v2\/posts\/2128","targetHints":{"allow":["GET"]}}],"collection":[{"href":"https:\/\/www.testjg.es\/ca\/wp-json\/wp\/v2\/posts"}],"about":[{"href":"https:\/\/www.testjg.es\/ca\/wp-json\/wp\/v2\/types\/post"}],"author":[{"embeddable":true,"href":"https:\/\/www.testjg.es\/ca\/wp-json\/wp\/v2\/users\/4"}],"replies":[{"embeddable":true,"href":"https:\/\/www.testjg.es\/ca\/wp-json\/wp\/v2\/comments?post=2128"}],"version-history":[{"count":0,"href":"https:\/\/www.testjg.es\/ca\/wp-json\/wp\/v2\/posts\/2128\/revisions"}],"wp:featuredmedia":[{"embeddable":true,"href":"https:\/\/www.testjg.es\/ca\/wp-json\/wp\/v2\/media\/2972"}],"wp:attachment":[{"href":"https:\/\/www.testjg.es\/ca\/wp-json\/wp\/v2\/media?parent=2128"}],"wp:term":[{"taxonomy":"category","embeddable":true,"href":"https:\/\/www.testjg.es\/ca\/wp-json\/wp\/v2\/categories?post=2128"},{"taxonomy":"post_tag","embeddable":true,"href":"https:\/\/www.testjg.es\/ca\/wp-json\/wp\/v2\/tags?post=2128"}],"curies":[{"name":"wp","href":"https:\/\/api.w.org\/{rel}","templated":true}]}}