{"id":2107,"date":"2016-09-29T12:58:54","date_gmt":"2016-09-29T12:58:54","guid":{"rendered":"http:\/\/www.manttest.net\/cat\/?p=2107"},"modified":"2017-10-17T13:31:46","modified_gmt":"2017-10-17T11:31:46","slug":"test-jg-patrocina-el-curs-dexpert-professional-de-facility-management-de-la-uned","status":"publish","type":"post","link":"https:\/\/www.testjg.es\/ca\/jornades_seminaris\/test-jg-patrocina-el-curs-dexpert-professional-de-facility-management-de-la-uned\/","title":{"rendered":"TEST JG patrocina el curs d\u2019expert professional de Facility Management de la UNED"},"content":{"rendered":"<p>&nbsp;<\/p>\n<p>La <a href=\"http:\/\/portal.uned.es\/portal\/page?_pageid=93,1&amp;_dad=portal&amp;_schema=PORTAL\" target=\"_blank\" rel=\"noopener\">UNED<\/a>, a trav\u00e9s de l\u2019<a href=\"http:\/\/portal.uned.es\/portal\/page?_pageid=93,163699&amp;_dad=portal&amp;_schema=PORTAL\" target=\"_blank\" rel=\"noopener\">Escola T\u00e8cnica Superior d\u2019Enginyers Industrials<\/a>, ofereix el curs d\u2019Expert professional en Facility Management que s\u2019imparteix per primera vegada en aquesta convocat\u00f2ria 2016-2017.<\/p>\n<p>L\u2019objectiu del curs es exposar y aprofundir en les diferents situacions reals del camp de la gesti\u00f3 de les infraestructures, tant el sector terciari (hospitals, centres comercials, oficines, administraci\u00f3 p\u00fablica, etc.) com en el sector industrial. S\u2019analitzar\u00e0 la normativa d\u2019aplicaci\u00f3, per\u00f2 sobretot la metodologia i l\u2019aplicaci\u00f3 pr\u00e0ctica de la gesti\u00f3 i altres eines de control i operaci\u00f3. La resoluci\u00f3 de nombrosos casos pr\u00e0ctics ajudar\u00e0 als assistents a assimilar els continguts i percebre la utilitat dels conceptes exposats.<\/p>\n<p><a href=\"https:\/\/www.linkedin.com\/company\/test-jg\" target=\"_blank\" rel=\"noopener\">TEST JG<\/a> patrocinar\u00e0 el curs i entre els col\u00b7laboradors externs del mateix es comptar\u00e0 amb en Josep Ort\u00ed i en Xavier Morales, Gerent i Director de l\u2019\u00c0rea de Commissioning de <a href=\"https:\/\/www.linkedin.com\/company\/test-jg\" target=\"_blank\" rel=\"noopener\">TEST JG<\/a> respectivament.<\/p>\n<p>En el seg\u00fcent enlla\u00e7 trobareu tota la informaci\u00f3 relativa al curs: <strong><a href=\"https:\/\/formacionpermanente.uned.es\/tp_actividad\/idactividad\/8958\" target=\"_blank\" rel=\"noopener\">fitxa del curs<\/a><\/strong><\/p>\n","protected":false},"excerpt":{"rendered":"<p>&nbsp; La UNED, a trav\u00e9s de l\u2019Escola T\u00e8cnica Superior d\u2019Enginyers Industrials, ofereix el curs d\u2019Expert professional en Facility Management que s\u2019imparteix per primera vegada en aquesta convocat\u00f2ria 2016-2017. L\u2019objectiu del curs es exposar y aprofundir en les diferents situacions reals del camp de la gesti\u00f3 de les infraestructures, tant el sector terciari (hospitals, centres comercials, [&hellip;]<\/p>\n","protected":false},"author":4,"featured_media":2989,"comment_status":"closed","ping_status":"closed","sticky":false,"template":"","format":"standard","meta":{"_acf_changed":false,"footnotes":""},"categories":[144,145],"tags":[104,120,121,107,122],"class_list":["post-2107","post","type-post","status-publish","format-standard","has-post-thumbnail","hentry","category-jornades_seminaris","category-test_jg","tag-facility-management","tag-formcion","tag-fundacion-uned","tag-test-jg","tag-uned"],"acf":[],"yoast_head":"<!-- This site is optimized with the Yoast SEO plugin v24.3 - https:\/\/yoast.com\/wordpress\/plugins\/seo\/ -->\n<title>TEST JG patrocina el curs d\u2019expert professional de Facility Management de la UNED - TEST JG<\/title>\n<meta name=\"robots\" content=\"index, follow, max-snippet:-1, max-image-preview:large, max-video-preview:-1\" \/>\n<link rel=\"canonical\" href=\"https:\/\/www.testjg.es\/ca\/jornades_seminaris\/test-jg-patrocina-el-curs-dexpert-professional-de-facility-management-de-la-uned\/\" \/>\n<meta property=\"og:locale\" content=\"ca_ES\" \/>\n<meta property=\"og:type\" content=\"article\" \/>\n<meta property=\"og:title\" content=\"TEST JG patrocina el curs d\u2019expert professional de Facility Management de la UNED - TEST JG\" \/>\n<meta property=\"og:description\" content=\"&nbsp; La UNED, a trav\u00e9s de l\u2019Escola T\u00e8cnica Superior d\u2019Enginyers Industrials, ofereix el curs d\u2019Expert professional en Facility Management que s\u2019imparteix per primera vegada en aquesta convocat\u00f2ria 2016-2017. L\u2019objectiu del curs es exposar y aprofundir en les diferents situacions reals del camp de la gesti\u00f3 de les infraestructures, tant el sector terciari (hospitals, centres comercials, [&hellip;]\" \/>\n<meta property=\"og:url\" content=\"https:\/\/www.testjg.es\/ca\/jornades_seminaris\/test-jg-patrocina-el-curs-dexpert-professional-de-facility-management-de-la-uned\/\" \/>\n<meta property=\"og:site_name\" content=\"TEST JG\" \/>\n<meta property=\"article:published_time\" content=\"2016-09-29T12:58:54+00:00\" \/>\n<meta property=\"article:modified_time\" content=\"2017-10-17T11:31:46+00:00\" \/>\n<meta property=\"og:image\" content=\"https:\/\/www.testjg.es\/wp-content\/uploads\/2016\/11\/uned-1170x402_c.jpg\" \/>\n\t<meta property=\"og:image:width\" content=\"1170\" \/>\n\t<meta property=\"og:image:height\" content=\"402\" \/>\n\t<meta property=\"og:image:type\" content=\"image\/jpeg\" \/>\n<meta name=\"author\" content=\"javier\" \/>\n<meta name=\"twitter:card\" content=\"summary_large_image\" \/>\n<meta name=\"twitter:label1\" content=\"Escrit per\" \/>\n\t<meta name=\"twitter:data1\" content=\"javier\" \/>\n\t<meta name=\"twitter:label2\" content=\"Temps estimat de lectura\" \/>\n\t<meta name=\"twitter:data2\" content=\"1 minut\" \/>\n<script type=\"application\/ld+json\" class=\"yoast-schema-graph\">{\"@context\":\"https:\/\/schema.org\",\"@graph\":[{\"@type\":\"WebPage\",\"@id\":\"https:\/\/www.testjg.es\/ca\/jornades_seminaris\/test-jg-patrocina-el-curs-dexpert-professional-de-facility-management-de-la-uned\/\",\"url\":\"https:\/\/www.testjg.es\/ca\/jornades_seminaris\/test-jg-patrocina-el-curs-dexpert-professional-de-facility-management-de-la-uned\/\",\"name\":\"TEST JG patrocina el curs d\u2019expert professional de Facility Management de la UNED - TEST JG\",\"isPartOf\":{\"@id\":\"https:\/\/www.testjg.es\/en\/#website\"},\"primaryImageOfPage\":{\"@id\":\"https:\/\/www.testjg.es\/ca\/jornades_seminaris\/test-jg-patrocina-el-curs-dexpert-professional-de-facility-management-de-la-uned\/#primaryimage\"},\"image\":{\"@id\":\"https:\/\/www.testjg.es\/ca\/jornades_seminaris\/test-jg-patrocina-el-curs-dexpert-professional-de-facility-management-de-la-uned\/#primaryimage\"},\"thumbnailUrl\":\"https:\/\/www.testjg.es\/wp-content\/uploads\/2016\/11\/uned-1170x402_c.jpg\",\"datePublished\":\"2016-09-29T12:58:54+00:00\",\"dateModified\":\"2017-10-17T11:31:46+00:00\",\"author\":{\"@id\":\"https:\/\/www.testjg.es\/en\/#\/schema\/person\/288191d18868c16768f7e42d38e6cb86\"},\"breadcrumb\":{\"@id\":\"https:\/\/www.testjg.es\/ca\/jornades_seminaris\/test-jg-patrocina-el-curs-dexpert-professional-de-facility-management-de-la-uned\/#breadcrumb\"},\"inLanguage\":\"ca\",\"potentialAction\":[{\"@type\":\"ReadAction\",\"target\":[\"https:\/\/www.testjg.es\/ca\/jornades_seminaris\/test-jg-patrocina-el-curs-dexpert-professional-de-facility-management-de-la-uned\/\"]}]},{\"@type\":\"ImageObject\",\"inLanguage\":\"ca\",\"@id\":\"https:\/\/www.testjg.es\/ca\/jornades_seminaris\/test-jg-patrocina-el-curs-dexpert-professional-de-facility-management-de-la-uned\/#primaryimage\",\"url\":\"https:\/\/www.testjg.es\/wp-content\/uploads\/2016\/11\/uned-1170x402_c.jpg\",\"contentUrl\":\"https:\/\/www.testjg.es\/wp-content\/uploads\/2016\/11\/uned-1170x402_c.jpg\",\"width\":1170,\"height\":402},{\"@type\":\"BreadcrumbList\",\"@id\":\"https:\/\/www.testjg.es\/ca\/jornades_seminaris\/test-jg-patrocina-el-curs-dexpert-professional-de-facility-management-de-la-uned\/#breadcrumb\",\"itemListElement\":[{\"@type\":\"ListItem\",\"position\":1,\"name\":\"Portada\",\"item\":\"https:\/\/www.testjg.es\/en\/\"},{\"@type\":\"ListItem\",\"position\":2,\"name\":\"TEST JG patrocina el curs d\u2019expert professional de Facility Management de la UNED\"}]},{\"@type\":\"WebSite\",\"@id\":\"https:\/\/www.testjg.es\/en\/#website\",\"url\":\"https:\/\/www.testjg.es\/en\/\",\"name\":\"TEST JG\",\"description\":\"\",\"potentialAction\":[{\"@type\":\"SearchAction\",\"target\":{\"@type\":\"EntryPoint\",\"urlTemplate\":\"https:\/\/www.testjg.es\/en\/?s={search_term_string}\"},\"query-input\":{\"@type\":\"PropertyValueSpecification\",\"valueRequired\":true,\"valueName\":\"search_term_string\"}}],\"inLanguage\":\"ca\"},{\"@type\":\"Person\",\"@id\":\"https:\/\/www.testjg.es\/en\/#\/schema\/person\/288191d18868c16768f7e42d38e6cb86\",\"name\":\"javier\",\"image\":{\"@type\":\"ImageObject\",\"inLanguage\":\"ca\",\"@id\":\"https:\/\/www.testjg.es\/en\/#\/schema\/person\/image\/\",\"url\":\"https:\/\/secure.gravatar.com\/avatar\/9ed0819d6cc89c599d579e2fb4b8ba8f?s=96&d=mm&r=g\",\"contentUrl\":\"https:\/\/secure.gravatar.com\/avatar\/9ed0819d6cc89c599d579e2fb4b8ba8f?s=96&d=mm&r=g\",\"caption\":\"javier\"},\"url\":\"https:\/\/www.testjg.es\/ca\/author\/javier\/\"}]}<\/script>\n<!-- \/ Yoast SEO plugin. -->","yoast_head_json":{"title":"TEST JG patrocina el curs d\u2019expert professional de Facility Management de la UNED - TEST JG","robots":{"index":"index","follow":"follow","max-snippet":"max-snippet:-1","max-image-preview":"max-image-preview:large","max-video-preview":"max-video-preview:-1"},"canonical":"https:\/\/www.testjg.es\/ca\/jornades_seminaris\/test-jg-patrocina-el-curs-dexpert-professional-de-facility-management-de-la-uned\/","og_locale":"ca_ES","og_type":"article","og_title":"TEST JG patrocina el curs d\u2019expert professional de Facility Management de la UNED - TEST JG","og_description":"&nbsp; La UNED, a trav\u00e9s de l\u2019Escola T\u00e8cnica Superior d\u2019Enginyers Industrials, ofereix el curs d\u2019Expert professional en Facility Management que s\u2019imparteix per primera vegada en aquesta convocat\u00f2ria 2016-2017. L\u2019objectiu del curs es exposar y aprofundir en les diferents situacions reals del camp de la gesti\u00f3 de les infraestructures, tant el sector terciari (hospitals, centres comercials, [&hellip;]","og_url":"https:\/\/www.testjg.es\/ca\/jornades_seminaris\/test-jg-patrocina-el-curs-dexpert-professional-de-facility-management-de-la-uned\/","og_site_name":"TEST JG","article_published_time":"2016-09-29T12:58:54+00:00","article_modified_time":"2017-10-17T11:31:46+00:00","og_image":[{"width":1170,"height":402,"url":"https:\/\/www.testjg.es\/wp-content\/uploads\/2016\/11\/uned-1170x402_c.jpg","type":"image\/jpeg"}],"author":"javier","twitter_card":"summary_large_image","twitter_misc":{"Escrit per":"javier","Temps estimat de lectura":"1 minut"},"schema":{"@context":"https:\/\/schema.org","@graph":[{"@type":"WebPage","@id":"https:\/\/www.testjg.es\/ca\/jornades_seminaris\/test-jg-patrocina-el-curs-dexpert-professional-de-facility-management-de-la-uned\/","url":"https:\/\/www.testjg.es\/ca\/jornades_seminaris\/test-jg-patrocina-el-curs-dexpert-professional-de-facility-management-de-la-uned\/","name":"TEST JG patrocina el curs d\u2019expert professional de Facility Management de la UNED - TEST JG","isPartOf":{"@id":"https:\/\/www.testjg.es\/en\/#website"},"primaryImageOfPage":{"@id":"https:\/\/www.testjg.es\/ca\/jornades_seminaris\/test-jg-patrocina-el-curs-dexpert-professional-de-facility-management-de-la-uned\/#primaryimage"},"image":{"@id":"https:\/\/www.testjg.es\/ca\/jornades_seminaris\/test-jg-patrocina-el-curs-dexpert-professional-de-facility-management-de-la-uned\/#primaryimage"},"thumbnailUrl":"https:\/\/www.testjg.es\/wp-content\/uploads\/2016\/11\/uned-1170x402_c.jpg","datePublished":"2016-09-29T12:58:54+00:00","dateModified":"2017-10-17T11:31:46+00:00","author":{"@id":"https:\/\/www.testjg.es\/en\/#\/schema\/person\/288191d18868c16768f7e42d38e6cb86"},"breadcrumb":{"@id":"https:\/\/www.testjg.es\/ca\/jornades_seminaris\/test-jg-patrocina-el-curs-dexpert-professional-de-facility-management-de-la-uned\/#breadcrumb"},"inLanguage":"ca","potentialAction":[{"@type":"ReadAction","target":["https:\/\/www.testjg.es\/ca\/jornades_seminaris\/test-jg-patrocina-el-curs-dexpert-professional-de-facility-management-de-la-uned\/"]}]},{"@type":"ImageObject","inLanguage":"ca","@id":"https:\/\/www.testjg.es\/ca\/jornades_seminaris\/test-jg-patrocina-el-curs-dexpert-professional-de-facility-management-de-la-uned\/#primaryimage","url":"https:\/\/www.testjg.es\/wp-content\/uploads\/2016\/11\/uned-1170x402_c.jpg","contentUrl":"https:\/\/www.testjg.es\/wp-content\/uploads\/2016\/11\/uned-1170x402_c.jpg","width":1170,"height":402},{"@type":"BreadcrumbList","@id":"https:\/\/www.testjg.es\/ca\/jornades_seminaris\/test-jg-patrocina-el-curs-dexpert-professional-de-facility-management-de-la-uned\/#breadcrumb","itemListElement":[{"@type":"ListItem","position":1,"name":"Portada","item":"https:\/\/www.testjg.es\/en\/"},{"@type":"ListItem","position":2,"name":"TEST JG patrocina el curs d\u2019expert professional de Facility Management de la UNED"}]},{"@type":"WebSite","@id":"https:\/\/www.testjg.es\/en\/#website","url":"https:\/\/www.testjg.es\/en\/","name":"TEST JG","description":"","potentialAction":[{"@type":"SearchAction","target":{"@type":"EntryPoint","urlTemplate":"https:\/\/www.testjg.es\/en\/?s={search_term_string}"},"query-input":{"@type":"PropertyValueSpecification","valueRequired":true,"valueName":"search_term_string"}}],"inLanguage":"ca"},{"@type":"Person","@id":"https:\/\/www.testjg.es\/en\/#\/schema\/person\/288191d18868c16768f7e42d38e6cb86","name":"javier","image":{"@type":"ImageObject","inLanguage":"ca","@id":"https:\/\/www.testjg.es\/en\/#\/schema\/person\/image\/","url":"https:\/\/secure.gravatar.com\/avatar\/9ed0819d6cc89c599d579e2fb4b8ba8f?s=96&d=mm&r=g","contentUrl":"https:\/\/secure.gravatar.com\/avatar\/9ed0819d6cc89c599d579e2fb4b8ba8f?s=96&d=mm&r=g","caption":"javier"},"url":"https:\/\/www.testjg.es\/ca\/author\/javier\/"}]}},"_links":{"self":[{"href":"https:\/\/www.testjg.es\/ca\/wp-json\/wp\/v2\/posts\/2107","targetHints":{"allow":["GET"]}}],"collection":[{"href":"https:\/\/www.testjg.es\/ca\/wp-json\/wp\/v2\/posts"}],"about":[{"href":"https:\/\/www.testjg.es\/ca\/wp-json\/wp\/v2\/types\/post"}],"author":[{"embeddable":true,"href":"https:\/\/www.testjg.es\/ca\/wp-json\/wp\/v2\/users\/4"}],"replies":[{"embeddable":true,"href":"https:\/\/www.testjg.es\/ca\/wp-json\/wp\/v2\/comments?post=2107"}],"version-history":[{"count":0,"href":"https:\/\/www.testjg.es\/ca\/wp-json\/wp\/v2\/posts\/2107\/revisions"}],"wp:featuredmedia":[{"embeddable":true,"href":"https:\/\/www.testjg.es\/ca\/wp-json\/wp\/v2\/media\/2989"}],"wp:attachment":[{"href":"https:\/\/www.testjg.es\/ca\/wp-json\/wp\/v2\/media?parent=2107"}],"wp:term":[{"taxonomy":"category","embeddable":true,"href":"https:\/\/www.testjg.es\/ca\/wp-json\/wp\/v2\/categories?post=2107"},{"taxonomy":"post_tag","embeddable":true,"href":"https:\/\/www.testjg.es\/ca\/wp-json\/wp\/v2\/tags?post=2107"}],"curies":[{"name":"wp","href":"https:\/\/api.w.org\/{rel}","templated":true}]}}