{"id":2096,"date":"2016-09-27T08:02:36","date_gmt":"2016-09-27T08:02:36","guid":{"rendered":"http:\/\/www.manttest.net\/cat\/?p=2096"},"modified":"2017-10-17T13:36:20","modified_gmt":"2017-10-17T11:36:20","slug":"curs-despecialitzacio-en-facility-management-del-coeic","status":"publish","type":"post","link":"https:\/\/www.testjg.es\/ca\/jornades_seminaris\/curs-despecialitzacio-en-facility-management-del-coeic\/","title":{"rendered":"Curs d\u2019especialitzaci\u00f3 en Facility Management del COEIC"},"content":{"rendered":"<p>La gesti\u00f3 dels actius immobiliaris i dels serveis de suport a les activitats empresarials amb criteris d&#8217;efici\u00e8ncia i d&#8217;aportaci\u00f3 de valor obliga les empreses i organitzacions a disposar de professionals plenament capacitats per gestionar-los amb les m\u00e0ximes garanties.<\/p>\n<p>El <a href=\"http:\/\/www.eic.cat\/\" target=\"_blank\" rel=\"noopener\">Col\u00b7legi d\u2019Enginyers Industrials de Catalunya (COEIC)<\/a> organitza un curs d\u2019especialitzaci\u00f3 en Facility Mangement, l\u2019objectiu del qual \u00e9s donar una visi\u00f3 dels diferents conceptes i \u00e0rees englobades dins del Facility Management des d&#8217;un punt de vista de gesti\u00f3.<\/p>\n<p>Dirigit a qualsevol t\u00e8cnic que desitgi treballar com a Facility Manager o ampliar la seva formaci\u00f3 en aquesta \u00e0rea. Es realitzar\u00e0 de manera semipresencial i s\u2019iniciar\u00e0 el proper tres de novembre.<\/p>\n<p><strong>Per a m\u00e9s informaci\u00f3 consultar el programa <a href=\"http:\/\/formacio.eic.cat\/cursos\/1094739\" target=\"_blank\" rel=\"noopener\">aqu\u00ed<\/a><\/strong><\/p>\n","protected":false},"excerpt":{"rendered":"<p>La gesti\u00f3 dels actius immobiliaris i dels serveis de suport a les activitats empresarials amb criteris d&#8217;efici\u00e8ncia i d&#8217;aportaci\u00f3 de valor obliga les empreses i organitzacions a disposar de professionals plenament capacitats per gestionar-los amb les m\u00e0ximes garanties. El Col\u00b7legi d\u2019Enginyers Industrials de Catalunya (COEIC) organitza un curs d\u2019especialitzaci\u00f3 en Facility Mangement, l\u2019objectiu del qual [&hellip;]<\/p>\n","protected":false},"author":4,"featured_media":3006,"comment_status":"closed","ping_status":"closed","sticky":false,"template":"","format":"standard","meta":{"_acf_changed":false,"footnotes":""},"categories":[144],"tags":[119,104],"class_list":["post-2096","post","type-post","status-publish","format-standard","has-post-thumbnail","hentry","category-jornades_seminaris","tag-coeic","tag-facility-management"],"acf":[],"yoast_head":"<!-- This site is optimized with the Yoast SEO plugin v24.3 - https:\/\/yoast.com\/wordpress\/plugins\/seo\/ -->\n<title>Curs d\u2019especialitzaci\u00f3 en Facility Management del COEIC - TEST JG<\/title>\n<meta name=\"robots\" content=\"index, follow, max-snippet:-1, max-image-preview:large, max-video-preview:-1\" \/>\n<link rel=\"canonical\" href=\"https:\/\/www.testjg.es\/ca\/jornades_seminaris\/curs-despecialitzacio-en-facility-management-del-coeic\/\" \/>\n<meta property=\"og:locale\" content=\"ca_ES\" \/>\n<meta property=\"og:type\" content=\"article\" \/>\n<meta property=\"og:title\" content=\"Curs d\u2019especialitzaci\u00f3 en Facility Management del COEIC - TEST JG\" \/>\n<meta property=\"og:description\" content=\"La gesti\u00f3 dels actius immobiliaris i dels serveis de suport a les activitats empresarials amb criteris d&#8217;efici\u00e8ncia i d&#8217;aportaci\u00f3 de valor obliga les empreses i organitzacions a disposar de professionals plenament capacitats per gestionar-los amb les m\u00e0ximes garanties. El Col\u00b7legi d\u2019Enginyers Industrials de Catalunya (COEIC) organitza un curs d\u2019especialitzaci\u00f3 en Facility Mangement, l\u2019objectiu del qual [&hellip;]\" \/>\n<meta property=\"og:url\" content=\"https:\/\/www.testjg.es\/ca\/jornades_seminaris\/curs-despecialitzacio-en-facility-management-del-coeic\/\" \/>\n<meta property=\"og:site_name\" content=\"TEST JG\" \/>\n<meta property=\"article:published_time\" content=\"2016-09-27T08:02:36+00:00\" \/>\n<meta property=\"article:modified_time\" content=\"2017-10-17T11:36:20+00:00\" \/>\n<meta property=\"og:image\" content=\"https:\/\/www.testjg.es\/wp-content\/uploads\/2016\/09\/Imatge4-1170x370_c.png\" \/>\n\t<meta property=\"og:image:width\" content=\"1170\" \/>\n\t<meta property=\"og:image:height\" content=\"370\" \/>\n\t<meta property=\"og:image:type\" content=\"image\/png\" \/>\n<meta name=\"author\" content=\"javier\" \/>\n<meta name=\"twitter:card\" content=\"summary_large_image\" \/>\n<meta name=\"twitter:label1\" content=\"Escrit per\" \/>\n\t<meta name=\"twitter:data1\" content=\"javier\" \/>\n\t<meta name=\"twitter:label2\" content=\"Temps estimat de lectura\" \/>\n\t<meta name=\"twitter:data2\" content=\"1 minut\" \/>\n<script type=\"application\/ld+json\" class=\"yoast-schema-graph\">{\"@context\":\"https:\/\/schema.org\",\"@graph\":[{\"@type\":\"WebPage\",\"@id\":\"https:\/\/www.testjg.es\/ca\/jornades_seminaris\/curs-despecialitzacio-en-facility-management-del-coeic\/\",\"url\":\"https:\/\/www.testjg.es\/ca\/jornades_seminaris\/curs-despecialitzacio-en-facility-management-del-coeic\/\",\"name\":\"Curs d\u2019especialitzaci\u00f3 en Facility Management del COEIC - TEST JG\",\"isPartOf\":{\"@id\":\"https:\/\/www.testjg.es\/en\/#website\"},\"primaryImageOfPage\":{\"@id\":\"https:\/\/www.testjg.es\/ca\/jornades_seminaris\/curs-despecialitzacio-en-facility-management-del-coeic\/#primaryimage\"},\"image\":{\"@id\":\"https:\/\/www.testjg.es\/ca\/jornades_seminaris\/curs-despecialitzacio-en-facility-management-del-coeic\/#primaryimage\"},\"thumbnailUrl\":\"https:\/\/www.testjg.es\/wp-content\/uploads\/2016\/09\/Imatge4-1170x370_c.png\",\"datePublished\":\"2016-09-27T08:02:36+00:00\",\"dateModified\":\"2017-10-17T11:36:20+00:00\",\"author\":{\"@id\":\"https:\/\/www.testjg.es\/en\/#\/schema\/person\/288191d18868c16768f7e42d38e6cb86\"},\"breadcrumb\":{\"@id\":\"https:\/\/www.testjg.es\/ca\/jornades_seminaris\/curs-despecialitzacio-en-facility-management-del-coeic\/#breadcrumb\"},\"inLanguage\":\"ca\",\"potentialAction\":[{\"@type\":\"ReadAction\",\"target\":[\"https:\/\/www.testjg.es\/ca\/jornades_seminaris\/curs-despecialitzacio-en-facility-management-del-coeic\/\"]}]},{\"@type\":\"ImageObject\",\"inLanguage\":\"ca\",\"@id\":\"https:\/\/www.testjg.es\/ca\/jornades_seminaris\/curs-despecialitzacio-en-facility-management-del-coeic\/#primaryimage\",\"url\":\"https:\/\/www.testjg.es\/wp-content\/uploads\/2016\/09\/Imatge4-1170x370_c.png\",\"contentUrl\":\"https:\/\/www.testjg.es\/wp-content\/uploads\/2016\/09\/Imatge4-1170x370_c.png\",\"width\":1170,\"height\":370},{\"@type\":\"BreadcrumbList\",\"@id\":\"https:\/\/www.testjg.es\/ca\/jornades_seminaris\/curs-despecialitzacio-en-facility-management-del-coeic\/#breadcrumb\",\"itemListElement\":[{\"@type\":\"ListItem\",\"position\":1,\"name\":\"Portada\",\"item\":\"https:\/\/www.testjg.es\/en\/\"},{\"@type\":\"ListItem\",\"position\":2,\"name\":\"Curs d\u2019especialitzaci\u00f3 en Facility Management del COEIC\"}]},{\"@type\":\"WebSite\",\"@id\":\"https:\/\/www.testjg.es\/en\/#website\",\"url\":\"https:\/\/www.testjg.es\/en\/\",\"name\":\"TEST JG\",\"description\":\"\",\"potentialAction\":[{\"@type\":\"SearchAction\",\"target\":{\"@type\":\"EntryPoint\",\"urlTemplate\":\"https:\/\/www.testjg.es\/en\/?s={search_term_string}\"},\"query-input\":{\"@type\":\"PropertyValueSpecification\",\"valueRequired\":true,\"valueName\":\"search_term_string\"}}],\"inLanguage\":\"ca\"},{\"@type\":\"Person\",\"@id\":\"https:\/\/www.testjg.es\/en\/#\/schema\/person\/288191d18868c16768f7e42d38e6cb86\",\"name\":\"javier\",\"image\":{\"@type\":\"ImageObject\",\"inLanguage\":\"ca\",\"@id\":\"https:\/\/www.testjg.es\/en\/#\/schema\/person\/image\/\",\"url\":\"https:\/\/secure.gravatar.com\/avatar\/9ed0819d6cc89c599d579e2fb4b8ba8f?s=96&d=mm&r=g\",\"contentUrl\":\"https:\/\/secure.gravatar.com\/avatar\/9ed0819d6cc89c599d579e2fb4b8ba8f?s=96&d=mm&r=g\",\"caption\":\"javier\"},\"url\":\"https:\/\/www.testjg.es\/ca\/author\/javier\/\"}]}<\/script>\n<!-- \/ Yoast SEO plugin. -->","yoast_head_json":{"title":"Curs d\u2019especialitzaci\u00f3 en Facility Management del COEIC - TEST JG","robots":{"index":"index","follow":"follow","max-snippet":"max-snippet:-1","max-image-preview":"max-image-preview:large","max-video-preview":"max-video-preview:-1"},"canonical":"https:\/\/www.testjg.es\/ca\/jornades_seminaris\/curs-despecialitzacio-en-facility-management-del-coeic\/","og_locale":"ca_ES","og_type":"article","og_title":"Curs d\u2019especialitzaci\u00f3 en Facility Management del COEIC - TEST JG","og_description":"La gesti\u00f3 dels actius immobiliaris i dels serveis de suport a les activitats empresarials amb criteris d&#8217;efici\u00e8ncia i d&#8217;aportaci\u00f3 de valor obliga les empreses i organitzacions a disposar de professionals plenament capacitats per gestionar-los amb les m\u00e0ximes garanties. El Col\u00b7legi d\u2019Enginyers Industrials de Catalunya (COEIC) organitza un curs d\u2019especialitzaci\u00f3 en Facility Mangement, l\u2019objectiu del qual [&hellip;]","og_url":"https:\/\/www.testjg.es\/ca\/jornades_seminaris\/curs-despecialitzacio-en-facility-management-del-coeic\/","og_site_name":"TEST JG","article_published_time":"2016-09-27T08:02:36+00:00","article_modified_time":"2017-10-17T11:36:20+00:00","og_image":[{"width":1170,"height":370,"url":"https:\/\/www.testjg.es\/wp-content\/uploads\/2016\/09\/Imatge4-1170x370_c.png","type":"image\/png"}],"author":"javier","twitter_card":"summary_large_image","twitter_misc":{"Escrit per":"javier","Temps estimat de lectura":"1 minut"},"schema":{"@context":"https:\/\/schema.org","@graph":[{"@type":"WebPage","@id":"https:\/\/www.testjg.es\/ca\/jornades_seminaris\/curs-despecialitzacio-en-facility-management-del-coeic\/","url":"https:\/\/www.testjg.es\/ca\/jornades_seminaris\/curs-despecialitzacio-en-facility-management-del-coeic\/","name":"Curs d\u2019especialitzaci\u00f3 en Facility Management del COEIC - TEST JG","isPartOf":{"@id":"https:\/\/www.testjg.es\/en\/#website"},"primaryImageOfPage":{"@id":"https:\/\/www.testjg.es\/ca\/jornades_seminaris\/curs-despecialitzacio-en-facility-management-del-coeic\/#primaryimage"},"image":{"@id":"https:\/\/www.testjg.es\/ca\/jornades_seminaris\/curs-despecialitzacio-en-facility-management-del-coeic\/#primaryimage"},"thumbnailUrl":"https:\/\/www.testjg.es\/wp-content\/uploads\/2016\/09\/Imatge4-1170x370_c.png","datePublished":"2016-09-27T08:02:36+00:00","dateModified":"2017-10-17T11:36:20+00:00","author":{"@id":"https:\/\/www.testjg.es\/en\/#\/schema\/person\/288191d18868c16768f7e42d38e6cb86"},"breadcrumb":{"@id":"https:\/\/www.testjg.es\/ca\/jornades_seminaris\/curs-despecialitzacio-en-facility-management-del-coeic\/#breadcrumb"},"inLanguage":"ca","potentialAction":[{"@type":"ReadAction","target":["https:\/\/www.testjg.es\/ca\/jornades_seminaris\/curs-despecialitzacio-en-facility-management-del-coeic\/"]}]},{"@type":"ImageObject","inLanguage":"ca","@id":"https:\/\/www.testjg.es\/ca\/jornades_seminaris\/curs-despecialitzacio-en-facility-management-del-coeic\/#primaryimage","url":"https:\/\/www.testjg.es\/wp-content\/uploads\/2016\/09\/Imatge4-1170x370_c.png","contentUrl":"https:\/\/www.testjg.es\/wp-content\/uploads\/2016\/09\/Imatge4-1170x370_c.png","width":1170,"height":370},{"@type":"BreadcrumbList","@id":"https:\/\/www.testjg.es\/ca\/jornades_seminaris\/curs-despecialitzacio-en-facility-management-del-coeic\/#breadcrumb","itemListElement":[{"@type":"ListItem","position":1,"name":"Portada","item":"https:\/\/www.testjg.es\/en\/"},{"@type":"ListItem","position":2,"name":"Curs d\u2019especialitzaci\u00f3 en Facility Management del COEIC"}]},{"@type":"WebSite","@id":"https:\/\/www.testjg.es\/en\/#website","url":"https:\/\/www.testjg.es\/en\/","name":"TEST JG","description":"","potentialAction":[{"@type":"SearchAction","target":{"@type":"EntryPoint","urlTemplate":"https:\/\/www.testjg.es\/en\/?s={search_term_string}"},"query-input":{"@type":"PropertyValueSpecification","valueRequired":true,"valueName":"search_term_string"}}],"inLanguage":"ca"},{"@type":"Person","@id":"https:\/\/www.testjg.es\/en\/#\/schema\/person\/288191d18868c16768f7e42d38e6cb86","name":"javier","image":{"@type":"ImageObject","inLanguage":"ca","@id":"https:\/\/www.testjg.es\/en\/#\/schema\/person\/image\/","url":"https:\/\/secure.gravatar.com\/avatar\/9ed0819d6cc89c599d579e2fb4b8ba8f?s=96&d=mm&r=g","contentUrl":"https:\/\/secure.gravatar.com\/avatar\/9ed0819d6cc89c599d579e2fb4b8ba8f?s=96&d=mm&r=g","caption":"javier"},"url":"https:\/\/www.testjg.es\/ca\/author\/javier\/"}]}},"_links":{"self":[{"href":"https:\/\/www.testjg.es\/ca\/wp-json\/wp\/v2\/posts\/2096","targetHints":{"allow":["GET"]}}],"collection":[{"href":"https:\/\/www.testjg.es\/ca\/wp-json\/wp\/v2\/posts"}],"about":[{"href":"https:\/\/www.testjg.es\/ca\/wp-json\/wp\/v2\/types\/post"}],"author":[{"embeddable":true,"href":"https:\/\/www.testjg.es\/ca\/wp-json\/wp\/v2\/users\/4"}],"replies":[{"embeddable":true,"href":"https:\/\/www.testjg.es\/ca\/wp-json\/wp\/v2\/comments?post=2096"}],"version-history":[{"count":0,"href":"https:\/\/www.testjg.es\/ca\/wp-json\/wp\/v2\/posts\/2096\/revisions"}],"wp:featuredmedia":[{"embeddable":true,"href":"https:\/\/www.testjg.es\/ca\/wp-json\/wp\/v2\/media\/3006"}],"wp:attachment":[{"href":"https:\/\/www.testjg.es\/ca\/wp-json\/wp\/v2\/media?parent=2096"}],"wp:term":[{"taxonomy":"category","embeddable":true,"href":"https:\/\/www.testjg.es\/ca\/wp-json\/wp\/v2\/categories?post=2096"},{"taxonomy":"post_tag","embeddable":true,"href":"https:\/\/www.testjg.es\/ca\/wp-json\/wp\/v2\/tags?post=2096"}],"curies":[{"name":"wp","href":"https:\/\/api.w.org\/{rel}","templated":true}]}}