{"id":2087,"date":"2016-10-17T10:33:26","date_gmt":"2016-10-17T10:33:26","guid":{"rendered":"http:\/\/www.manttest.net\/cat\/?p=2087"},"modified":"2017-10-17T13:31:19","modified_gmt":"2017-10-17T11:31:19","slug":"nou-video-de-la-jornada-tecnica-sobre-fm-organitzada-per-test","status":"publish","type":"post","link":"https:\/\/www.testjg.es\/ca\/jornades_seminaris\/nou-video-de-la-jornada-tecnica-sobre-fm-organitzada-per-test\/","title":{"rendered":"Nou v\u00eddeo de la jornada t\u00e8cnica sobre FM organitzada per TEST"},"content":{"rendered":"<p>A continuaci\u00f3 trobareu el v\u00eddeo <em>Gesti\u00f3 energ\u00e8tica i estalvi de costos en edificis<\/em>, en el marc de la jornada <em>\u00a0<a href=\"http:\/\/www.manttest.net\/es\/?p=2262\" target=\"_blank\" rel=\"noopener\">Nuevas Tendencias en Gesti\u00f3n y modelos de Ahorro en Facility Management<\/a><\/em>\u00a0organitzada per <a href=\"https:\/\/www.linkedin.com\/company\/test-jg\" target=\"_blank\" rel=\"noopener\">TEST JG<\/a> el passat 1 de juny al \u00a0<a href=\"https:\/\/www.barclaycardcenter.es\/index\" target=\"_blank\" rel=\"noopener\">Barclaycard Center<\/a> de Madrid.<\/p>\n<p>La pon\u00e8ncia a c\u00e0rrec de Jordi Figueras de <a href=\"http:\/\/www.dexmatech.com\/\" target=\"_blank\" rel=\"noopener\">DEXMA<\/a> parla sobre la gesti\u00f3 energ\u00e8tica dels edificis i presenta <a href=\"http:\/\/www.dexmatech.com\/es\/software\/\" target=\"_blank\" rel=\"noopener\">DEXcell Energy Manager<\/a>, una eina no nom\u00e9s per a monitoritzar consums, sin\u00f3 tamb\u00e9 per a analitzar i facilitar la presa de decisions en una gesti\u00f3 energ\u00e9tica profitosa. No us la perdeu!<\/p>\n<p>&nbsp;<\/p>\n<p><!--more--><\/p>\n<p style=\"text-align: center;\"><iframe src=\"\/\/www.youtube.com\/embed\/FDB8J1w7dnY?feature=player_detailpage\" width=\"640\" height=\"360\" frameborder=\"0\" align=\"middle\" allowfullscreen=\"allowfullscreen\"><\/iframe><\/p>\n<p style=\"text-align: center;\">Esperem que us agradi!<\/p>\n","protected":false},"excerpt":{"rendered":"<p>A continuaci\u00f3 trobareu el v\u00eddeo Gesti\u00f3 energ\u00e8tica i estalvi de costos en edificis, en el marc de la jornada \u00a0Nuevas Tendencias en Gesti\u00f3n y modelos de Ahorro en Facility Management\u00a0organitzada per TEST JG el passat 1 de juny al \u00a0Barclaycard Center de Madrid. La pon\u00e8ncia a c\u00e0rrec de Jordi Figueras de DEXMA parla sobre la [&hellip;]<\/p>\n","protected":false},"author":4,"featured_media":2998,"comment_status":"closed","ping_status":"closed","sticky":false,"template":"","format":"standard","meta":{"_acf_changed":false,"footnotes":""},"categories":[144,146,145],"tags":[114,115,104,116,109,107],"class_list":["post-2087","post","type-post","status-publish","format-standard","has-post-thumbnail","hentry","category-jornades_seminaris","category-manttestnet","category-test_jg","tag-dexcell","tag-dexma","tag-facility-management","tag-getio-energetica","tag-jg-ingenieros","tag-test-jg"],"acf":[],"yoast_head":"<!-- This site is optimized with the Yoast SEO plugin v24.3 - https:\/\/yoast.com\/wordpress\/plugins\/seo\/ -->\n<title>Nou v\u00eddeo de la jornada t\u00e8cnica sobre FM organitzada per TEST - TEST JG<\/title>\n<meta name=\"robots\" content=\"index, follow, max-snippet:-1, max-image-preview:large, max-video-preview:-1\" \/>\n<link rel=\"canonical\" href=\"https:\/\/www.testjg.es\/ca\/jornades_seminaris\/nou-video-de-la-jornada-tecnica-sobre-fm-organitzada-per-test\/\" \/>\n<meta property=\"og:locale\" content=\"ca_ES\" \/>\n<meta property=\"og:type\" content=\"article\" \/>\n<meta property=\"og:title\" content=\"Nou v\u00eddeo de la jornada t\u00e8cnica sobre FM organitzada per TEST - TEST JG\" \/>\n<meta property=\"og:description\" content=\"A continuaci\u00f3 trobareu el v\u00eddeo Gesti\u00f3 energ\u00e8tica i estalvi de costos en edificis, en el marc de la jornada \u00a0Nuevas Tendencias en Gesti\u00f3n y modelos de Ahorro en Facility Management\u00a0organitzada per TEST JG el passat 1 de juny al \u00a0Barclaycard Center de Madrid. La pon\u00e8ncia a c\u00e0rrec de Jordi Figueras de DEXMA parla sobre la [&hellip;]\" \/>\n<meta property=\"og:url\" content=\"https:\/\/www.testjg.es\/ca\/jornades_seminaris\/nou-video-de-la-jornada-tecnica-sobre-fm-organitzada-per-test\/\" \/>\n<meta property=\"og:site_name\" content=\"TEST JG\" \/>\n<meta property=\"article:published_time\" content=\"2016-10-17T10:33:26+00:00\" \/>\n<meta property=\"article:modified_time\" content=\"2017-10-17T11:31:19+00:00\" \/>\n<meta property=\"og:image\" content=\"https:\/\/www.testjg.es\/wp-content\/uploads\/2016\/10\/1-madrid-1170x429_c.png\" \/>\n\t<meta property=\"og:image:width\" content=\"1170\" \/>\n\t<meta property=\"og:image:height\" content=\"429\" \/>\n\t<meta property=\"og:image:type\" content=\"image\/png\" \/>\n<meta name=\"author\" content=\"javier\" \/>\n<meta name=\"twitter:card\" content=\"summary_large_image\" \/>\n<meta name=\"twitter:label1\" content=\"Escrit per\" \/>\n\t<meta name=\"twitter:data1\" content=\"javier\" \/>\n\t<meta name=\"twitter:label2\" content=\"Temps estimat de lectura\" \/>\n\t<meta name=\"twitter:data2\" content=\"1 minut\" \/>\n<script type=\"application\/ld+json\" class=\"yoast-schema-graph\">{\"@context\":\"https:\/\/schema.org\",\"@graph\":[{\"@type\":\"WebPage\",\"@id\":\"https:\/\/www.testjg.es\/ca\/jornades_seminaris\/nou-video-de-la-jornada-tecnica-sobre-fm-organitzada-per-test\/\",\"url\":\"https:\/\/www.testjg.es\/ca\/jornades_seminaris\/nou-video-de-la-jornada-tecnica-sobre-fm-organitzada-per-test\/\",\"name\":\"Nou v\u00eddeo de la jornada t\u00e8cnica sobre FM organitzada per TEST - TEST JG\",\"isPartOf\":{\"@id\":\"https:\/\/www.testjg.es\/en\/#website\"},\"primaryImageOfPage\":{\"@id\":\"https:\/\/www.testjg.es\/ca\/jornades_seminaris\/nou-video-de-la-jornada-tecnica-sobre-fm-organitzada-per-test\/#primaryimage\"},\"image\":{\"@id\":\"https:\/\/www.testjg.es\/ca\/jornades_seminaris\/nou-video-de-la-jornada-tecnica-sobre-fm-organitzada-per-test\/#primaryimage\"},\"thumbnailUrl\":\"https:\/\/www.testjg.es\/wp-content\/uploads\/2016\/10\/1-madrid-1170x429_c.png\",\"datePublished\":\"2016-10-17T10:33:26+00:00\",\"dateModified\":\"2017-10-17T11:31:19+00:00\",\"author\":{\"@id\":\"https:\/\/www.testjg.es\/en\/#\/schema\/person\/288191d18868c16768f7e42d38e6cb86\"},\"breadcrumb\":{\"@id\":\"https:\/\/www.testjg.es\/ca\/jornades_seminaris\/nou-video-de-la-jornada-tecnica-sobre-fm-organitzada-per-test\/#breadcrumb\"},\"inLanguage\":\"ca\",\"potentialAction\":[{\"@type\":\"ReadAction\",\"target\":[\"https:\/\/www.testjg.es\/ca\/jornades_seminaris\/nou-video-de-la-jornada-tecnica-sobre-fm-organitzada-per-test\/\"]}]},{\"@type\":\"ImageObject\",\"inLanguage\":\"ca\",\"@id\":\"https:\/\/www.testjg.es\/ca\/jornades_seminaris\/nou-video-de-la-jornada-tecnica-sobre-fm-organitzada-per-test\/#primaryimage\",\"url\":\"https:\/\/www.testjg.es\/wp-content\/uploads\/2016\/10\/1-madrid-1170x429_c.png\",\"contentUrl\":\"https:\/\/www.testjg.es\/wp-content\/uploads\/2016\/10\/1-madrid-1170x429_c.png\",\"width\":1170,\"height\":429},{\"@type\":\"BreadcrumbList\",\"@id\":\"https:\/\/www.testjg.es\/ca\/jornades_seminaris\/nou-video-de-la-jornada-tecnica-sobre-fm-organitzada-per-test\/#breadcrumb\",\"itemListElement\":[{\"@type\":\"ListItem\",\"position\":1,\"name\":\"Portada\",\"item\":\"https:\/\/www.testjg.es\/en\/\"},{\"@type\":\"ListItem\",\"position\":2,\"name\":\"Nou v\u00eddeo de la jornada t\u00e8cnica sobre FM organitzada per TEST\"}]},{\"@type\":\"WebSite\",\"@id\":\"https:\/\/www.testjg.es\/en\/#website\",\"url\":\"https:\/\/www.testjg.es\/en\/\",\"name\":\"TEST JG\",\"description\":\"\",\"potentialAction\":[{\"@type\":\"SearchAction\",\"target\":{\"@type\":\"EntryPoint\",\"urlTemplate\":\"https:\/\/www.testjg.es\/en\/?s={search_term_string}\"},\"query-input\":{\"@type\":\"PropertyValueSpecification\",\"valueRequired\":true,\"valueName\":\"search_term_string\"}}],\"inLanguage\":\"ca\"},{\"@type\":\"Person\",\"@id\":\"https:\/\/www.testjg.es\/en\/#\/schema\/person\/288191d18868c16768f7e42d38e6cb86\",\"name\":\"javier\",\"image\":{\"@type\":\"ImageObject\",\"inLanguage\":\"ca\",\"@id\":\"https:\/\/www.testjg.es\/en\/#\/schema\/person\/image\/\",\"url\":\"https:\/\/secure.gravatar.com\/avatar\/9ed0819d6cc89c599d579e2fb4b8ba8f?s=96&d=mm&r=g\",\"contentUrl\":\"https:\/\/secure.gravatar.com\/avatar\/9ed0819d6cc89c599d579e2fb4b8ba8f?s=96&d=mm&r=g\",\"caption\":\"javier\"},\"url\":\"https:\/\/www.testjg.es\/ca\/author\/javier\/\"}]}<\/script>\n<!-- \/ Yoast SEO plugin. -->","yoast_head_json":{"title":"Nou v\u00eddeo de la jornada t\u00e8cnica sobre FM organitzada per TEST - TEST JG","robots":{"index":"index","follow":"follow","max-snippet":"max-snippet:-1","max-image-preview":"max-image-preview:large","max-video-preview":"max-video-preview:-1"},"canonical":"https:\/\/www.testjg.es\/ca\/jornades_seminaris\/nou-video-de-la-jornada-tecnica-sobre-fm-organitzada-per-test\/","og_locale":"ca_ES","og_type":"article","og_title":"Nou v\u00eddeo de la jornada t\u00e8cnica sobre FM organitzada per TEST - TEST JG","og_description":"A continuaci\u00f3 trobareu el v\u00eddeo Gesti\u00f3 energ\u00e8tica i estalvi de costos en edificis, en el marc de la jornada \u00a0Nuevas Tendencias en Gesti\u00f3n y modelos de Ahorro en Facility Management\u00a0organitzada per TEST JG el passat 1 de juny al \u00a0Barclaycard Center de Madrid. La pon\u00e8ncia a c\u00e0rrec de Jordi Figueras de DEXMA parla sobre la [&hellip;]","og_url":"https:\/\/www.testjg.es\/ca\/jornades_seminaris\/nou-video-de-la-jornada-tecnica-sobre-fm-organitzada-per-test\/","og_site_name":"TEST JG","article_published_time":"2016-10-17T10:33:26+00:00","article_modified_time":"2017-10-17T11:31:19+00:00","og_image":[{"width":1170,"height":429,"url":"https:\/\/www.testjg.es\/wp-content\/uploads\/2016\/10\/1-madrid-1170x429_c.png","type":"image\/png"}],"author":"javier","twitter_card":"summary_large_image","twitter_misc":{"Escrit per":"javier","Temps estimat de lectura":"1 minut"},"schema":{"@context":"https:\/\/schema.org","@graph":[{"@type":"WebPage","@id":"https:\/\/www.testjg.es\/ca\/jornades_seminaris\/nou-video-de-la-jornada-tecnica-sobre-fm-organitzada-per-test\/","url":"https:\/\/www.testjg.es\/ca\/jornades_seminaris\/nou-video-de-la-jornada-tecnica-sobre-fm-organitzada-per-test\/","name":"Nou v\u00eddeo de la jornada t\u00e8cnica sobre FM organitzada per TEST - TEST JG","isPartOf":{"@id":"https:\/\/www.testjg.es\/en\/#website"},"primaryImageOfPage":{"@id":"https:\/\/www.testjg.es\/ca\/jornades_seminaris\/nou-video-de-la-jornada-tecnica-sobre-fm-organitzada-per-test\/#primaryimage"},"image":{"@id":"https:\/\/www.testjg.es\/ca\/jornades_seminaris\/nou-video-de-la-jornada-tecnica-sobre-fm-organitzada-per-test\/#primaryimage"},"thumbnailUrl":"https:\/\/www.testjg.es\/wp-content\/uploads\/2016\/10\/1-madrid-1170x429_c.png","datePublished":"2016-10-17T10:33:26+00:00","dateModified":"2017-10-17T11:31:19+00:00","author":{"@id":"https:\/\/www.testjg.es\/en\/#\/schema\/person\/288191d18868c16768f7e42d38e6cb86"},"breadcrumb":{"@id":"https:\/\/www.testjg.es\/ca\/jornades_seminaris\/nou-video-de-la-jornada-tecnica-sobre-fm-organitzada-per-test\/#breadcrumb"},"inLanguage":"ca","potentialAction":[{"@type":"ReadAction","target":["https:\/\/www.testjg.es\/ca\/jornades_seminaris\/nou-video-de-la-jornada-tecnica-sobre-fm-organitzada-per-test\/"]}]},{"@type":"ImageObject","inLanguage":"ca","@id":"https:\/\/www.testjg.es\/ca\/jornades_seminaris\/nou-video-de-la-jornada-tecnica-sobre-fm-organitzada-per-test\/#primaryimage","url":"https:\/\/www.testjg.es\/wp-content\/uploads\/2016\/10\/1-madrid-1170x429_c.png","contentUrl":"https:\/\/www.testjg.es\/wp-content\/uploads\/2016\/10\/1-madrid-1170x429_c.png","width":1170,"height":429},{"@type":"BreadcrumbList","@id":"https:\/\/www.testjg.es\/ca\/jornades_seminaris\/nou-video-de-la-jornada-tecnica-sobre-fm-organitzada-per-test\/#breadcrumb","itemListElement":[{"@type":"ListItem","position":1,"name":"Portada","item":"https:\/\/www.testjg.es\/en\/"},{"@type":"ListItem","position":2,"name":"Nou v\u00eddeo de la jornada t\u00e8cnica sobre FM organitzada per TEST"}]},{"@type":"WebSite","@id":"https:\/\/www.testjg.es\/en\/#website","url":"https:\/\/www.testjg.es\/en\/","name":"TEST JG","description":"","potentialAction":[{"@type":"SearchAction","target":{"@type":"EntryPoint","urlTemplate":"https:\/\/www.testjg.es\/en\/?s={search_term_string}"},"query-input":{"@type":"PropertyValueSpecification","valueRequired":true,"valueName":"search_term_string"}}],"inLanguage":"ca"},{"@type":"Person","@id":"https:\/\/www.testjg.es\/en\/#\/schema\/person\/288191d18868c16768f7e42d38e6cb86","name":"javier","image":{"@type":"ImageObject","inLanguage":"ca","@id":"https:\/\/www.testjg.es\/en\/#\/schema\/person\/image\/","url":"https:\/\/secure.gravatar.com\/avatar\/9ed0819d6cc89c599d579e2fb4b8ba8f?s=96&d=mm&r=g","contentUrl":"https:\/\/secure.gravatar.com\/avatar\/9ed0819d6cc89c599d579e2fb4b8ba8f?s=96&d=mm&r=g","caption":"javier"},"url":"https:\/\/www.testjg.es\/ca\/author\/javier\/"}]}},"_links":{"self":[{"href":"https:\/\/www.testjg.es\/ca\/wp-json\/wp\/v2\/posts\/2087","targetHints":{"allow":["GET"]}}],"collection":[{"href":"https:\/\/www.testjg.es\/ca\/wp-json\/wp\/v2\/posts"}],"about":[{"href":"https:\/\/www.testjg.es\/ca\/wp-json\/wp\/v2\/types\/post"}],"author":[{"embeddable":true,"href":"https:\/\/www.testjg.es\/ca\/wp-json\/wp\/v2\/users\/4"}],"replies":[{"embeddable":true,"href":"https:\/\/www.testjg.es\/ca\/wp-json\/wp\/v2\/comments?post=2087"}],"version-history":[{"count":0,"href":"https:\/\/www.testjg.es\/ca\/wp-json\/wp\/v2\/posts\/2087\/revisions"}],"wp:featuredmedia":[{"embeddable":true,"href":"https:\/\/www.testjg.es\/ca\/wp-json\/wp\/v2\/media\/2998"}],"wp:attachment":[{"href":"https:\/\/www.testjg.es\/ca\/wp-json\/wp\/v2\/media?parent=2087"}],"wp:term":[{"taxonomy":"category","embeddable":true,"href":"https:\/\/www.testjg.es\/ca\/wp-json\/wp\/v2\/categories?post=2087"},{"taxonomy":"post_tag","embeddable":true,"href":"https:\/\/www.testjg.es\/ca\/wp-json\/wp\/v2\/tags?post=2087"}],"curies":[{"name":"wp","href":"https:\/\/api.w.org\/{rel}","templated":true}]}}