{"id":2081,"date":"2016-09-06T09:13:02","date_gmt":"2016-09-06T09:13:02","guid":{"rendered":"http:\/\/www.manttest.net\/cat\/?p=2081"},"modified":"2017-10-17T13:40:57","modified_gmt":"2017-10-17T11:40:57","slug":"test-jg-patrocina-la-21a-jornada-sobre-la-gestio-i-el-manteniment-de-laem","status":"publish","type":"post","link":"https:\/\/www.testjg.es\/ca\/aem\/test-jg-patrocina-la-21a-jornada-sobre-la-gestio-i-el-manteniment-de-laem\/","title":{"rendered":"TEST JG patrocina la 21a jornada sobre la gesti\u00f3 i el manteniment de l&#8217;AEM"},"content":{"rendered":"<p>El pr\u00f2xim 19 d&#8217;octubre de 2016 es celebrar\u00e0 la 21a jornada t\u00e8cnica sobre la Gesti\u00f3 i el Manteniment d&#8217;edificis organitzada per l&#8217;<a href=\"http:\/\/www.aem.es\/\" target=\"_blank\" rel=\"noopener\">Asociaci\u00f3n Espa\u00f1ola de Mantenimiento (AEM)<\/a> a les Escoles P\u00edas de Madrid.<\/p>\n<p>Amb l&#8217;objectiu de crear un ambient on compartir experi\u00e8ncies i coneixement, s&#8217;aprofundir\u00e0 sobre aspectes com la gesti\u00f3 energ\u00e8tica o l&#8217;impacte mediambiental, s&#8217;exposaran casos pr\u00e0ctics i hi haur\u00e0 un debat final sobre les noves tecnologies pel sector.<\/p>\n<p>En aquesta ocasi\u00f3, <a href=\"https:\/\/www.linkedin.com\/company\/test-jg\" target=\"_blank\" rel=\"noopener\">TEST JG <\/a>patrocina la jornada i Josep Ort\u00ed, director gerent de <a href=\"https:\/\/www.linkedin.com\/company\/test-jg\" target=\"_blank\" rel=\"noopener\">TEST JG<\/a>, forma part de l&#8217;organitzaci\u00f3 de l&#8217;esdeveniment i en qualitat de presidente del Comit\u00e9 d&#8217;Edificis de l&#8217;AEM.<\/p>\n<p>S&#8217;adjunta el <a href=\"http:\/\/www.aem.es\/PDF\/Actividades\/212.pdf\" target=\"_blank\" rel=\"noopener\">programa de la jornada<\/a>\u00a0per a m\u00e9s informaci\u00f3 i el descriptiu de les diferents participacions, i el <a href=\"http:\/\/www.aem.es\/Form_Inscripcion.asp?Id=212\" target=\"_blank\" rel=\"noopener\">formulari d&#8217;inscripci\u00f3<\/a>.<\/p>\n<p>&nbsp;<\/p>\n","protected":false},"excerpt":{"rendered":"<p>El pr\u00f2xim 19 d&#8217;octubre de 2016 es celebrar\u00e0 la 21a jornada t\u00e8cnica sobre la Gesti\u00f3 i el Manteniment d&#8217;edificis organitzada per l&#8217;Asociaci\u00f3n Espa\u00f1ola de Mantenimiento (AEM) a les Escoles P\u00edas de Madrid. Amb l&#8217;objectiu de crear un ambient on compartir experi\u00e8ncies i coneixement, s&#8217;aprofundir\u00e0 sobre aspectes com la gesti\u00f3 energ\u00e8tica o l&#8217;impacte mediambiental, s&#8217;exposaran casos [&hellip;]<\/p>\n","protected":false},"author":4,"featured_media":3015,"comment_status":"closed","ping_status":"closed","sticky":false,"template":"","format":"standard","meta":{"_acf_changed":false,"footnotes":""},"categories":[142,149,144,145],"tags":[93,106,95],"class_list":["post-2081","post","type-post","status-publish","format-standard","has-post-thumbnail","hentry","category-aem","category-jg-ingenieros","category-jornades_seminaris","category-test_jg","tag-aem","tag-jornada-tecnica","tag-manteniment"],"acf":[],"yoast_head":"<!-- This site is optimized with the Yoast SEO plugin v24.3 - https:\/\/yoast.com\/wordpress\/plugins\/seo\/ -->\n<title>TEST JG patrocina la 21a jornada sobre la gesti\u00f3 i el manteniment de l&#039;AEM - TEST JG<\/title>\n<meta name=\"robots\" content=\"index, follow, max-snippet:-1, max-image-preview:large, max-video-preview:-1\" \/>\n<link rel=\"canonical\" href=\"https:\/\/www.testjg.es\/ca\/aem\/test-jg-patrocina-la-21a-jornada-sobre-la-gestio-i-el-manteniment-de-laem\/\" \/>\n<meta property=\"og:locale\" content=\"ca_ES\" \/>\n<meta property=\"og:type\" content=\"article\" \/>\n<meta property=\"og:title\" content=\"TEST JG patrocina la 21a jornada sobre la gesti\u00f3 i el manteniment de l&#039;AEM - TEST JG\" \/>\n<meta property=\"og:description\" content=\"El pr\u00f2xim 19 d&#8217;octubre de 2016 es celebrar\u00e0 la 21a jornada t\u00e8cnica sobre la Gesti\u00f3 i el Manteniment d&#8217;edificis organitzada per l&#8217;Asociaci\u00f3n Espa\u00f1ola de Mantenimiento (AEM) a les Escoles P\u00edas de Madrid. Amb l&#8217;objectiu de crear un ambient on compartir experi\u00e8ncies i coneixement, s&#8217;aprofundir\u00e0 sobre aspectes com la gesti\u00f3 energ\u00e8tica o l&#8217;impacte mediambiental, s&#8217;exposaran casos [&hellip;]\" \/>\n<meta property=\"og:url\" content=\"https:\/\/www.testjg.es\/ca\/aem\/test-jg-patrocina-la-21a-jornada-sobre-la-gestio-i-el-manteniment-de-laem\/\" \/>\n<meta property=\"og:site_name\" content=\"TEST JG\" \/>\n<meta property=\"article:published_time\" content=\"2016-09-06T09:13:02+00:00\" \/>\n<meta property=\"article:modified_time\" content=\"2017-10-17T11:40:57+00:00\" \/>\n<meta property=\"og:image\" content=\"https:\/\/www.testjg.es\/wp-content\/uploads\/2016\/09\/Imatge1-1170x711_c.png\" \/>\n\t<meta property=\"og:image:width\" content=\"1170\" \/>\n\t<meta property=\"og:image:height\" content=\"711\" \/>\n\t<meta property=\"og:image:type\" content=\"image\/png\" \/>\n<meta name=\"author\" content=\"javier\" \/>\n<meta name=\"twitter:card\" content=\"summary_large_image\" \/>\n<meta name=\"twitter:label1\" content=\"Escrit per\" \/>\n\t<meta name=\"twitter:data1\" content=\"javier\" \/>\n\t<meta name=\"twitter:label2\" content=\"Temps estimat de lectura\" \/>\n\t<meta name=\"twitter:data2\" content=\"1 minut\" \/>\n<script type=\"application\/ld+json\" class=\"yoast-schema-graph\">{\"@context\":\"https:\/\/schema.org\",\"@graph\":[{\"@type\":\"WebPage\",\"@id\":\"https:\/\/www.testjg.es\/ca\/aem\/test-jg-patrocina-la-21a-jornada-sobre-la-gestio-i-el-manteniment-de-laem\/\",\"url\":\"https:\/\/www.testjg.es\/ca\/aem\/test-jg-patrocina-la-21a-jornada-sobre-la-gestio-i-el-manteniment-de-laem\/\",\"name\":\"TEST JG patrocina la 21a jornada sobre la gesti\u00f3 i el manteniment de l'AEM - TEST JG\",\"isPartOf\":{\"@id\":\"https:\/\/www.testjg.es\/en\/#website\"},\"primaryImageOfPage\":{\"@id\":\"https:\/\/www.testjg.es\/ca\/aem\/test-jg-patrocina-la-21a-jornada-sobre-la-gestio-i-el-manteniment-de-laem\/#primaryimage\"},\"image\":{\"@id\":\"https:\/\/www.testjg.es\/ca\/aem\/test-jg-patrocina-la-21a-jornada-sobre-la-gestio-i-el-manteniment-de-laem\/#primaryimage\"},\"thumbnailUrl\":\"https:\/\/www.testjg.es\/wp-content\/uploads\/2016\/09\/Imatge1-1170x711_c.png\",\"datePublished\":\"2016-09-06T09:13:02+00:00\",\"dateModified\":\"2017-10-17T11:40:57+00:00\",\"author\":{\"@id\":\"https:\/\/www.testjg.es\/en\/#\/schema\/person\/288191d18868c16768f7e42d38e6cb86\"},\"breadcrumb\":{\"@id\":\"https:\/\/www.testjg.es\/ca\/aem\/test-jg-patrocina-la-21a-jornada-sobre-la-gestio-i-el-manteniment-de-laem\/#breadcrumb\"},\"inLanguage\":\"ca\",\"potentialAction\":[{\"@type\":\"ReadAction\",\"target\":[\"https:\/\/www.testjg.es\/ca\/aem\/test-jg-patrocina-la-21a-jornada-sobre-la-gestio-i-el-manteniment-de-laem\/\"]}]},{\"@type\":\"ImageObject\",\"inLanguage\":\"ca\",\"@id\":\"https:\/\/www.testjg.es\/ca\/aem\/test-jg-patrocina-la-21a-jornada-sobre-la-gestio-i-el-manteniment-de-laem\/#primaryimage\",\"url\":\"https:\/\/www.testjg.es\/wp-content\/uploads\/2016\/09\/Imatge1-1170x711_c.png\",\"contentUrl\":\"https:\/\/www.testjg.es\/wp-content\/uploads\/2016\/09\/Imatge1-1170x711_c.png\",\"width\":1170,\"height\":711},{\"@type\":\"BreadcrumbList\",\"@id\":\"https:\/\/www.testjg.es\/ca\/aem\/test-jg-patrocina-la-21a-jornada-sobre-la-gestio-i-el-manteniment-de-laem\/#breadcrumb\",\"itemListElement\":[{\"@type\":\"ListItem\",\"position\":1,\"name\":\"Portada\",\"item\":\"https:\/\/www.testjg.es\/en\/\"},{\"@type\":\"ListItem\",\"position\":2,\"name\":\"TEST JG patrocina la 21a jornada sobre la gesti\u00f3 i el manteniment de l&#8217;AEM\"}]},{\"@type\":\"WebSite\",\"@id\":\"https:\/\/www.testjg.es\/en\/#website\",\"url\":\"https:\/\/www.testjg.es\/en\/\",\"name\":\"TEST JG\",\"description\":\"\",\"potentialAction\":[{\"@type\":\"SearchAction\",\"target\":{\"@type\":\"EntryPoint\",\"urlTemplate\":\"https:\/\/www.testjg.es\/en\/?s={search_term_string}\"},\"query-input\":{\"@type\":\"PropertyValueSpecification\",\"valueRequired\":true,\"valueName\":\"search_term_string\"}}],\"inLanguage\":\"ca\"},{\"@type\":\"Person\",\"@id\":\"https:\/\/www.testjg.es\/en\/#\/schema\/person\/288191d18868c16768f7e42d38e6cb86\",\"name\":\"javier\",\"image\":{\"@type\":\"ImageObject\",\"inLanguage\":\"ca\",\"@id\":\"https:\/\/www.testjg.es\/en\/#\/schema\/person\/image\/\",\"url\":\"https:\/\/secure.gravatar.com\/avatar\/9ed0819d6cc89c599d579e2fb4b8ba8f?s=96&d=mm&r=g\",\"contentUrl\":\"https:\/\/secure.gravatar.com\/avatar\/9ed0819d6cc89c599d579e2fb4b8ba8f?s=96&d=mm&r=g\",\"caption\":\"javier\"},\"url\":\"https:\/\/www.testjg.es\/ca\/author\/javier\/\"}]}<\/script>\n<!-- \/ Yoast SEO plugin. -->","yoast_head_json":{"title":"TEST JG patrocina la 21a jornada sobre la gesti\u00f3 i el manteniment de l'AEM - TEST JG","robots":{"index":"index","follow":"follow","max-snippet":"max-snippet:-1","max-image-preview":"max-image-preview:large","max-video-preview":"max-video-preview:-1"},"canonical":"https:\/\/www.testjg.es\/ca\/aem\/test-jg-patrocina-la-21a-jornada-sobre-la-gestio-i-el-manteniment-de-laem\/","og_locale":"ca_ES","og_type":"article","og_title":"TEST JG patrocina la 21a jornada sobre la gesti\u00f3 i el manteniment de l'AEM - TEST JG","og_description":"El pr\u00f2xim 19 d&#8217;octubre de 2016 es celebrar\u00e0 la 21a jornada t\u00e8cnica sobre la Gesti\u00f3 i el Manteniment d&#8217;edificis organitzada per l&#8217;Asociaci\u00f3n Espa\u00f1ola de Mantenimiento (AEM) a les Escoles P\u00edas de Madrid. Amb l&#8217;objectiu de crear un ambient on compartir experi\u00e8ncies i coneixement, s&#8217;aprofundir\u00e0 sobre aspectes com la gesti\u00f3 energ\u00e8tica o l&#8217;impacte mediambiental, s&#8217;exposaran casos [&hellip;]","og_url":"https:\/\/www.testjg.es\/ca\/aem\/test-jg-patrocina-la-21a-jornada-sobre-la-gestio-i-el-manteniment-de-laem\/","og_site_name":"TEST JG","article_published_time":"2016-09-06T09:13:02+00:00","article_modified_time":"2017-10-17T11:40:57+00:00","og_image":[{"width":1170,"height":711,"url":"https:\/\/www.testjg.es\/wp-content\/uploads\/2016\/09\/Imatge1-1170x711_c.png","type":"image\/png"}],"author":"javier","twitter_card":"summary_large_image","twitter_misc":{"Escrit per":"javier","Temps estimat de lectura":"1 minut"},"schema":{"@context":"https:\/\/schema.org","@graph":[{"@type":"WebPage","@id":"https:\/\/www.testjg.es\/ca\/aem\/test-jg-patrocina-la-21a-jornada-sobre-la-gestio-i-el-manteniment-de-laem\/","url":"https:\/\/www.testjg.es\/ca\/aem\/test-jg-patrocina-la-21a-jornada-sobre-la-gestio-i-el-manteniment-de-laem\/","name":"TEST JG patrocina la 21a jornada sobre la gesti\u00f3 i el manteniment de l'AEM - TEST JG","isPartOf":{"@id":"https:\/\/www.testjg.es\/en\/#website"},"primaryImageOfPage":{"@id":"https:\/\/www.testjg.es\/ca\/aem\/test-jg-patrocina-la-21a-jornada-sobre-la-gestio-i-el-manteniment-de-laem\/#primaryimage"},"image":{"@id":"https:\/\/www.testjg.es\/ca\/aem\/test-jg-patrocina-la-21a-jornada-sobre-la-gestio-i-el-manteniment-de-laem\/#primaryimage"},"thumbnailUrl":"https:\/\/www.testjg.es\/wp-content\/uploads\/2016\/09\/Imatge1-1170x711_c.png","datePublished":"2016-09-06T09:13:02+00:00","dateModified":"2017-10-17T11:40:57+00:00","author":{"@id":"https:\/\/www.testjg.es\/en\/#\/schema\/person\/288191d18868c16768f7e42d38e6cb86"},"breadcrumb":{"@id":"https:\/\/www.testjg.es\/ca\/aem\/test-jg-patrocina-la-21a-jornada-sobre-la-gestio-i-el-manteniment-de-laem\/#breadcrumb"},"inLanguage":"ca","potentialAction":[{"@type":"ReadAction","target":["https:\/\/www.testjg.es\/ca\/aem\/test-jg-patrocina-la-21a-jornada-sobre-la-gestio-i-el-manteniment-de-laem\/"]}]},{"@type":"ImageObject","inLanguage":"ca","@id":"https:\/\/www.testjg.es\/ca\/aem\/test-jg-patrocina-la-21a-jornada-sobre-la-gestio-i-el-manteniment-de-laem\/#primaryimage","url":"https:\/\/www.testjg.es\/wp-content\/uploads\/2016\/09\/Imatge1-1170x711_c.png","contentUrl":"https:\/\/www.testjg.es\/wp-content\/uploads\/2016\/09\/Imatge1-1170x711_c.png","width":1170,"height":711},{"@type":"BreadcrumbList","@id":"https:\/\/www.testjg.es\/ca\/aem\/test-jg-patrocina-la-21a-jornada-sobre-la-gestio-i-el-manteniment-de-laem\/#breadcrumb","itemListElement":[{"@type":"ListItem","position":1,"name":"Portada","item":"https:\/\/www.testjg.es\/en\/"},{"@type":"ListItem","position":2,"name":"TEST JG patrocina la 21a jornada sobre la gesti\u00f3 i el manteniment de l&#8217;AEM"}]},{"@type":"WebSite","@id":"https:\/\/www.testjg.es\/en\/#website","url":"https:\/\/www.testjg.es\/en\/","name":"TEST JG","description":"","potentialAction":[{"@type":"SearchAction","target":{"@type":"EntryPoint","urlTemplate":"https:\/\/www.testjg.es\/en\/?s={search_term_string}"},"query-input":{"@type":"PropertyValueSpecification","valueRequired":true,"valueName":"search_term_string"}}],"inLanguage":"ca"},{"@type":"Person","@id":"https:\/\/www.testjg.es\/en\/#\/schema\/person\/288191d18868c16768f7e42d38e6cb86","name":"javier","image":{"@type":"ImageObject","inLanguage":"ca","@id":"https:\/\/www.testjg.es\/en\/#\/schema\/person\/image\/","url":"https:\/\/secure.gravatar.com\/avatar\/9ed0819d6cc89c599d579e2fb4b8ba8f?s=96&d=mm&r=g","contentUrl":"https:\/\/secure.gravatar.com\/avatar\/9ed0819d6cc89c599d579e2fb4b8ba8f?s=96&d=mm&r=g","caption":"javier"},"url":"https:\/\/www.testjg.es\/ca\/author\/javier\/"}]}},"_links":{"self":[{"href":"https:\/\/www.testjg.es\/ca\/wp-json\/wp\/v2\/posts\/2081","targetHints":{"allow":["GET"]}}],"collection":[{"href":"https:\/\/www.testjg.es\/ca\/wp-json\/wp\/v2\/posts"}],"about":[{"href":"https:\/\/www.testjg.es\/ca\/wp-json\/wp\/v2\/types\/post"}],"author":[{"embeddable":true,"href":"https:\/\/www.testjg.es\/ca\/wp-json\/wp\/v2\/users\/4"}],"replies":[{"embeddable":true,"href":"https:\/\/www.testjg.es\/ca\/wp-json\/wp\/v2\/comments?post=2081"}],"version-history":[{"count":0,"href":"https:\/\/www.testjg.es\/ca\/wp-json\/wp\/v2\/posts\/2081\/revisions"}],"wp:featuredmedia":[{"embeddable":true,"href":"https:\/\/www.testjg.es\/ca\/wp-json\/wp\/v2\/media\/3015"}],"wp:attachment":[{"href":"https:\/\/www.testjg.es\/ca\/wp-json\/wp\/v2\/media?parent=2081"}],"wp:term":[{"taxonomy":"category","embeddable":true,"href":"https:\/\/www.testjg.es\/ca\/wp-json\/wp\/v2\/categories?post=2081"},{"taxonomy":"post_tag","embeddable":true,"href":"https:\/\/www.testjg.es\/ca\/wp-json\/wp\/v2\/tags?post=2081"}],"curies":[{"name":"wp","href":"https:\/\/api.w.org\/{rel}","templated":true}]}}