{"id":2057,"date":"2016-07-15T10:07:37","date_gmt":"2016-07-15T10:07:37","guid":{"rendered":"http:\/\/www.manttest.net\/cat\/?p=2057"},"modified":"2017-10-17T13:54:00","modified_gmt":"2017-10-17T11:54:00","slug":"congres-darquitectura-2016-fm-en-espais-dus-public","status":"publish","type":"post","link":"https:\/\/www.testjg.es\/ca\/jornades_seminaris\/congres-darquitectura-2016-fm-en-espais-dus-public\/","title":{"rendered":"Congr\u00e9s d&#8217;arquitectura 2016: FM en espais d&#8217;\u00fas p\u00fablic"},"content":{"rendered":"<p style=\"text-align: justify;\">En el marco del <a href=\"http:\/\/congresarquitectura2016.org\/\" target=\"_blank\" rel=\"noopener\">Congr\u00e9s d&#8217;Arquitectura 2016<\/a>,\u00a0\u00a0organitzat pel <a href=\"https:\/\/www.arquitectes.cat\/\" target=\"_blank\" rel=\"noopener\">Col\u00b7legi d\u2019Arquitectes de Catalunya (COAC)<\/a>, el passat 13 de juliol es celebr\u00e0 la jornada de \u201cFacility Management en l&#8217;espai d&#8217;\u00fas p\u00fablic\u201d.<\/p>\n<p style=\"text-align: justify;\"><a href=\"http:\/\/www.jgingenieros.es\/\" target=\"_blank\" rel=\"noopener\">JG Ingenieros<\/a>\u00a0i <a href=\"https:\/\/www.linkedin.com\/company\/test-jg\" target=\"_blank\" rel=\"noopener\">TEST JG<\/a> hi van participar i\u00a0va ser una jornada molt interessant i\u00a0especialment ben organitzada. La primera part es vascelebrar\u00a0a l&#8217;excepcional\u00a0Sal\u00f3 de Cent de l&#8217;Ajuntament de Barcelona. All\u00e0 s&#8217;exposaren diferents pon\u00e8ncies on es va\u00a0destacar la necessitat de revaloritzar els espais p\u00fablics sosteniblement i a baix cost, la import\u00e0ncia de la col\u00b7laboraci\u00f3 dels agents involucrats en els projectes i\u00a0en totes les seves fases o la necessitat de la implicaci\u00f3 de la ciudadan\u00eda, entre d&#8217;altres.<\/p>\n<p style=\"text-align: justify;\"><span style=\"line-height: 1.5em;\"><!--more--><\/span><\/p>\n<p style=\"text-align: justify;\">Amb\u00a0la presentaci\u00f3 de casos pr\u00e0ctics, es va parlar tamb\u00e9 de la utilitat de les noves\u00a0eines\u00a0i\u00a0models de la informaci\u00f3 als ajuntaments, del pensament lateral imprescindible para poder desenvolupar la figura del Facility Manager i del projecte de les\u00a0\u201c<a href=\"http:\/\/ajuntament.barcelona.cat\/superilles\/es\/\" target=\"_blank\" rel=\"noopener\">SUPERILLES<\/a>\u201d a la ciutat de Barcelona.<\/p>\n<p style=\"text-align: justify;\">En una segona part, es van visitar tres patis interiors de l&#8217;Eixample i es va concloure l&#8217;acte amb una taula de debate\u00a0a la sala de actes d&#8217;equipament municipal de Barcelona.<\/p>\n<p style=\"text-align: justify;\"><span style=\"line-height: 1.5em;\">\u00a0<\/span><\/p>\n<p style=\"text-align: center;\"><img fetchpriority=\"high\" decoding=\"async\" class=\"wp-image-2456 alignnone\" src=\"http:\/\/www.manttest.net\/es\/wp-content\/uploads\/2016\/07\/banners.png\" alt=\"banners\" width=\"901\" height=\"533\" \/><\/p>\n<p style=\"text-align: center;\">Descarregar el programa de la jornada\u00a0<a href=\"http:\/\/www.manttest.net\/es\/wp-content\/uploads\/2016\/07\/diptic_acte_160713_160629.pdf\">aqu\u00ed<\/a><\/p>\n<p style=\"text-align: center;\">En breu\u00a0estaran disponibles les pon\u00e8ncies i el v\u00eddeo de la jornada, per\u00f2 de moment us deixem algunes fotos de l&#8217;acte:<\/p>\n<p style=\"text-align: center;\"><img decoding=\"async\" class=\"wp-image-2474\" src=\"http:\/\/www.manttest.net\/es\/wp-content\/uploads\/2016\/07\/IMG_00121.jpg\" alt=\"IMG_0012\" width=\"600\" height=\"450\" \/><\/p>\n<p style=\"text-align: center;\"><img decoding=\"async\" class=\"wp-image-2480\" style=\"line-height: 1.5em;\" src=\"http:\/\/www.manttest.net\/es\/wp-content\/uploads\/2016\/07\/IMG_86771.jpg\" alt=\"IMG_8677\" width=\"600\" height=\"450\" \/><\/p>\n<p style=\"text-align: center;\"><img loading=\"lazy\" decoding=\"async\" class=\"wp-image-2475\" style=\"line-height: 1.5em;\" src=\"http:\/\/www.manttest.net\/es\/wp-content\/uploads\/2016\/07\/IMG_00231.jpg\" alt=\"IMG_0023\" width=\"600\" height=\"450\" \/><\/p>\n<p style=\"text-align: center;\"><img loading=\"lazy\" decoding=\"async\" class=\"wp-image-2478\" style=\"line-height: 1.5em;\" src=\"http:\/\/www.manttest.net\/es\/wp-content\/uploads\/2016\/07\/IMG_00781.jpg\" alt=\"IMG_0078\" width=\"600\" height=\"285\" \/><\/p>\n<p style=\"text-align: center;\"><img loading=\"lazy\" decoding=\"async\" class=\"wp-image-2479\" style=\"line-height: 1.5em;\" src=\"http:\/\/www.manttest.net\/es\/wp-content\/uploads\/2016\/07\/IMG_00821.jpg\" alt=\"IMG_0082\" width=\"600\" height=\"450\" \/><\/p>\n","protected":false},"excerpt":{"rendered":"<p>En el marco del Congr\u00e9s d&#8217;Arquitectura 2016,\u00a0\u00a0organitzat pel Col\u00b7legi d\u2019Arquitectes de Catalunya (COAC), el passat 13 de juliol es celebr\u00e0 la jornada de \u201cFacility Management en l&#8217;espai d&#8217;\u00fas p\u00fablic\u201d. JG Ingenieros\u00a0i TEST JG hi van participar i\u00a0va ser una jornada molt interessant i\u00a0especialment ben organitzada. La primera part es vascelebrar\u00a0a l&#8217;excepcional\u00a0Sal\u00f3 de Cent de l&#8217;Ajuntament [&hellip;]<\/p>\n","protected":false},"author":4,"featured_media":3027,"comment_status":"closed","ping_status":"closed","sticky":false,"template":"","format":"standard","meta":{"_acf_changed":false,"footnotes":""},"categories":[149,144,146,145],"tags":[104,109,106,95,107],"class_list":["post-2057","post","type-post","status-publish","format-standard","has-post-thumbnail","hentry","category-jg-ingenieros","category-jornades_seminaris","category-manttestnet","category-test_jg","tag-facility-management","tag-jg-ingenieros","tag-jornada-tecnica","tag-manteniment","tag-test-jg"],"acf":[],"yoast_head":"<!-- This site is optimized with the Yoast SEO plugin v24.3 - https:\/\/yoast.com\/wordpress\/plugins\/seo\/ -->\n<title>Congr\u00e9s d&#039;arquitectura 2016: FM en espais d&#039;\u00fas p\u00fablic - TEST JG<\/title>\n<meta name=\"robots\" content=\"index, follow, max-snippet:-1, max-image-preview:large, max-video-preview:-1\" \/>\n<link rel=\"canonical\" href=\"https:\/\/www.testjg.es\/ca\/jornades_seminaris\/congres-darquitectura-2016-fm-en-espais-dus-public\/\" \/>\n<meta property=\"og:locale\" content=\"ca_ES\" \/>\n<meta property=\"og:type\" content=\"article\" \/>\n<meta property=\"og:title\" content=\"Congr\u00e9s d&#039;arquitectura 2016: FM en espais d&#039;\u00fas p\u00fablic - TEST JG\" \/>\n<meta property=\"og:description\" content=\"En el marco del Congr\u00e9s d&#8217;Arquitectura 2016,\u00a0\u00a0organitzat pel Col\u00b7legi d\u2019Arquitectes de Catalunya (COAC), el passat 13 de juliol es celebr\u00e0 la jornada de \u201cFacility Management en l&#8217;espai d&#8217;\u00fas p\u00fablic\u201d. JG Ingenieros\u00a0i TEST JG hi van participar i\u00a0va ser una jornada molt interessant i\u00a0especialment ben organitzada. La primera part es vascelebrar\u00a0a l&#8217;excepcional\u00a0Sal\u00f3 de Cent de l&#8217;Ajuntament [&hellip;]\" \/>\n<meta property=\"og:url\" content=\"https:\/\/www.testjg.es\/ca\/jornades_seminaris\/congres-darquitectura-2016-fm-en-espais-dus-public\/\" \/>\n<meta property=\"og:site_name\" content=\"TEST JG\" \/>\n<meta property=\"article:published_time\" content=\"2016-07-15T10:07:37+00:00\" \/>\n<meta property=\"article:modified_time\" content=\"2017-10-17T11:54:00+00:00\" \/>\n<meta property=\"og:image\" content=\"https:\/\/www.testjg.es\/wp-content\/uploads\/2016\/07\/IMATGE-BLOG-1170x487_c.png\" \/>\n\t<meta property=\"og:image:width\" content=\"1170\" \/>\n\t<meta property=\"og:image:height\" content=\"487\" \/>\n\t<meta property=\"og:image:type\" content=\"image\/png\" \/>\n<meta name=\"author\" content=\"javier\" \/>\n<meta name=\"twitter:card\" content=\"summary_large_image\" \/>\n<meta name=\"twitter:label1\" content=\"Escrit per\" \/>\n\t<meta name=\"twitter:data1\" content=\"javier\" \/>\n\t<meta name=\"twitter:label2\" content=\"Temps estimat de lectura\" \/>\n\t<meta name=\"twitter:data2\" content=\"1 minut\" \/>\n<script type=\"application\/ld+json\" class=\"yoast-schema-graph\">{\"@context\":\"https:\/\/schema.org\",\"@graph\":[{\"@type\":\"WebPage\",\"@id\":\"https:\/\/www.testjg.es\/ca\/jornades_seminaris\/congres-darquitectura-2016-fm-en-espais-dus-public\/\",\"url\":\"https:\/\/www.testjg.es\/ca\/jornades_seminaris\/congres-darquitectura-2016-fm-en-espais-dus-public\/\",\"name\":\"Congr\u00e9s d'arquitectura 2016: FM en espais d'\u00fas p\u00fablic - TEST JG\",\"isPartOf\":{\"@id\":\"https:\/\/www.testjg.es\/en\/#website\"},\"primaryImageOfPage\":{\"@id\":\"https:\/\/www.testjg.es\/ca\/jornades_seminaris\/congres-darquitectura-2016-fm-en-espais-dus-public\/#primaryimage\"},\"image\":{\"@id\":\"https:\/\/www.testjg.es\/ca\/jornades_seminaris\/congres-darquitectura-2016-fm-en-espais-dus-public\/#primaryimage\"},\"thumbnailUrl\":\"https:\/\/www.testjg.es\/wp-content\/uploads\/2016\/07\/IMATGE-BLOG-1170x487_c.png\",\"datePublished\":\"2016-07-15T10:07:37+00:00\",\"dateModified\":\"2017-10-17T11:54:00+00:00\",\"author\":{\"@id\":\"https:\/\/www.testjg.es\/en\/#\/schema\/person\/288191d18868c16768f7e42d38e6cb86\"},\"breadcrumb\":{\"@id\":\"https:\/\/www.testjg.es\/ca\/jornades_seminaris\/congres-darquitectura-2016-fm-en-espais-dus-public\/#breadcrumb\"},\"inLanguage\":\"ca\",\"potentialAction\":[{\"@type\":\"ReadAction\",\"target\":[\"https:\/\/www.testjg.es\/ca\/jornades_seminaris\/congres-darquitectura-2016-fm-en-espais-dus-public\/\"]}]},{\"@type\":\"ImageObject\",\"inLanguage\":\"ca\",\"@id\":\"https:\/\/www.testjg.es\/ca\/jornades_seminaris\/congres-darquitectura-2016-fm-en-espais-dus-public\/#primaryimage\",\"url\":\"https:\/\/www.testjg.es\/wp-content\/uploads\/2016\/07\/IMATGE-BLOG-1170x487_c.png\",\"contentUrl\":\"https:\/\/www.testjg.es\/wp-content\/uploads\/2016\/07\/IMATGE-BLOG-1170x487_c.png\",\"width\":1170,\"height\":487},{\"@type\":\"BreadcrumbList\",\"@id\":\"https:\/\/www.testjg.es\/ca\/jornades_seminaris\/congres-darquitectura-2016-fm-en-espais-dus-public\/#breadcrumb\",\"itemListElement\":[{\"@type\":\"ListItem\",\"position\":1,\"name\":\"Portada\",\"item\":\"https:\/\/www.testjg.es\/en\/\"},{\"@type\":\"ListItem\",\"position\":2,\"name\":\"Congr\u00e9s d&#8217;arquitectura 2016: FM en espais d&#8217;\u00fas p\u00fablic\"}]},{\"@type\":\"WebSite\",\"@id\":\"https:\/\/www.testjg.es\/en\/#website\",\"url\":\"https:\/\/www.testjg.es\/en\/\",\"name\":\"TEST JG\",\"description\":\"\",\"potentialAction\":[{\"@type\":\"SearchAction\",\"target\":{\"@type\":\"EntryPoint\",\"urlTemplate\":\"https:\/\/www.testjg.es\/en\/?s={search_term_string}\"},\"query-input\":{\"@type\":\"PropertyValueSpecification\",\"valueRequired\":true,\"valueName\":\"search_term_string\"}}],\"inLanguage\":\"ca\"},{\"@type\":\"Person\",\"@id\":\"https:\/\/www.testjg.es\/en\/#\/schema\/person\/288191d18868c16768f7e42d38e6cb86\",\"name\":\"javier\",\"image\":{\"@type\":\"ImageObject\",\"inLanguage\":\"ca\",\"@id\":\"https:\/\/www.testjg.es\/en\/#\/schema\/person\/image\/\",\"url\":\"https:\/\/secure.gravatar.com\/avatar\/9ed0819d6cc89c599d579e2fb4b8ba8f?s=96&d=mm&r=g\",\"contentUrl\":\"https:\/\/secure.gravatar.com\/avatar\/9ed0819d6cc89c599d579e2fb4b8ba8f?s=96&d=mm&r=g\",\"caption\":\"javier\"},\"url\":\"https:\/\/www.testjg.es\/ca\/author\/javier\/\"}]}<\/script>\n<!-- \/ Yoast SEO plugin. -->","yoast_head_json":{"title":"Congr\u00e9s d'arquitectura 2016: FM en espais d'\u00fas p\u00fablic - TEST JG","robots":{"index":"index","follow":"follow","max-snippet":"max-snippet:-1","max-image-preview":"max-image-preview:large","max-video-preview":"max-video-preview:-1"},"canonical":"https:\/\/www.testjg.es\/ca\/jornades_seminaris\/congres-darquitectura-2016-fm-en-espais-dus-public\/","og_locale":"ca_ES","og_type":"article","og_title":"Congr\u00e9s d'arquitectura 2016: FM en espais d'\u00fas p\u00fablic - TEST JG","og_description":"En el marco del Congr\u00e9s d&#8217;Arquitectura 2016,\u00a0\u00a0organitzat pel Col\u00b7legi d\u2019Arquitectes de Catalunya (COAC), el passat 13 de juliol es celebr\u00e0 la jornada de \u201cFacility Management en l&#8217;espai d&#8217;\u00fas p\u00fablic\u201d. JG Ingenieros\u00a0i TEST JG hi van participar i\u00a0va ser una jornada molt interessant i\u00a0especialment ben organitzada. La primera part es vascelebrar\u00a0a l&#8217;excepcional\u00a0Sal\u00f3 de Cent de l&#8217;Ajuntament [&hellip;]","og_url":"https:\/\/www.testjg.es\/ca\/jornades_seminaris\/congres-darquitectura-2016-fm-en-espais-dus-public\/","og_site_name":"TEST JG","article_published_time":"2016-07-15T10:07:37+00:00","article_modified_time":"2017-10-17T11:54:00+00:00","og_image":[{"width":1170,"height":487,"url":"https:\/\/www.testjg.es\/wp-content\/uploads\/2016\/07\/IMATGE-BLOG-1170x487_c.png","type":"image\/png"}],"author":"javier","twitter_card":"summary_large_image","twitter_misc":{"Escrit per":"javier","Temps estimat de lectura":"1 minut"},"schema":{"@context":"https:\/\/schema.org","@graph":[{"@type":"WebPage","@id":"https:\/\/www.testjg.es\/ca\/jornades_seminaris\/congres-darquitectura-2016-fm-en-espais-dus-public\/","url":"https:\/\/www.testjg.es\/ca\/jornades_seminaris\/congres-darquitectura-2016-fm-en-espais-dus-public\/","name":"Congr\u00e9s d'arquitectura 2016: FM en espais d'\u00fas p\u00fablic - TEST JG","isPartOf":{"@id":"https:\/\/www.testjg.es\/en\/#website"},"primaryImageOfPage":{"@id":"https:\/\/www.testjg.es\/ca\/jornades_seminaris\/congres-darquitectura-2016-fm-en-espais-dus-public\/#primaryimage"},"image":{"@id":"https:\/\/www.testjg.es\/ca\/jornades_seminaris\/congres-darquitectura-2016-fm-en-espais-dus-public\/#primaryimage"},"thumbnailUrl":"https:\/\/www.testjg.es\/wp-content\/uploads\/2016\/07\/IMATGE-BLOG-1170x487_c.png","datePublished":"2016-07-15T10:07:37+00:00","dateModified":"2017-10-17T11:54:00+00:00","author":{"@id":"https:\/\/www.testjg.es\/en\/#\/schema\/person\/288191d18868c16768f7e42d38e6cb86"},"breadcrumb":{"@id":"https:\/\/www.testjg.es\/ca\/jornades_seminaris\/congres-darquitectura-2016-fm-en-espais-dus-public\/#breadcrumb"},"inLanguage":"ca","potentialAction":[{"@type":"ReadAction","target":["https:\/\/www.testjg.es\/ca\/jornades_seminaris\/congres-darquitectura-2016-fm-en-espais-dus-public\/"]}]},{"@type":"ImageObject","inLanguage":"ca","@id":"https:\/\/www.testjg.es\/ca\/jornades_seminaris\/congres-darquitectura-2016-fm-en-espais-dus-public\/#primaryimage","url":"https:\/\/www.testjg.es\/wp-content\/uploads\/2016\/07\/IMATGE-BLOG-1170x487_c.png","contentUrl":"https:\/\/www.testjg.es\/wp-content\/uploads\/2016\/07\/IMATGE-BLOG-1170x487_c.png","width":1170,"height":487},{"@type":"BreadcrumbList","@id":"https:\/\/www.testjg.es\/ca\/jornades_seminaris\/congres-darquitectura-2016-fm-en-espais-dus-public\/#breadcrumb","itemListElement":[{"@type":"ListItem","position":1,"name":"Portada","item":"https:\/\/www.testjg.es\/en\/"},{"@type":"ListItem","position":2,"name":"Congr\u00e9s d&#8217;arquitectura 2016: FM en espais d&#8217;\u00fas p\u00fablic"}]},{"@type":"WebSite","@id":"https:\/\/www.testjg.es\/en\/#website","url":"https:\/\/www.testjg.es\/en\/","name":"TEST JG","description":"","potentialAction":[{"@type":"SearchAction","target":{"@type":"EntryPoint","urlTemplate":"https:\/\/www.testjg.es\/en\/?s={search_term_string}"},"query-input":{"@type":"PropertyValueSpecification","valueRequired":true,"valueName":"search_term_string"}}],"inLanguage":"ca"},{"@type":"Person","@id":"https:\/\/www.testjg.es\/en\/#\/schema\/person\/288191d18868c16768f7e42d38e6cb86","name":"javier","image":{"@type":"ImageObject","inLanguage":"ca","@id":"https:\/\/www.testjg.es\/en\/#\/schema\/person\/image\/","url":"https:\/\/secure.gravatar.com\/avatar\/9ed0819d6cc89c599d579e2fb4b8ba8f?s=96&d=mm&r=g","contentUrl":"https:\/\/secure.gravatar.com\/avatar\/9ed0819d6cc89c599d579e2fb4b8ba8f?s=96&d=mm&r=g","caption":"javier"},"url":"https:\/\/www.testjg.es\/ca\/author\/javier\/"}]}},"_links":{"self":[{"href":"https:\/\/www.testjg.es\/ca\/wp-json\/wp\/v2\/posts\/2057","targetHints":{"allow":["GET"]}}],"collection":[{"href":"https:\/\/www.testjg.es\/ca\/wp-json\/wp\/v2\/posts"}],"about":[{"href":"https:\/\/www.testjg.es\/ca\/wp-json\/wp\/v2\/types\/post"}],"author":[{"embeddable":true,"href":"https:\/\/www.testjg.es\/ca\/wp-json\/wp\/v2\/users\/4"}],"replies":[{"embeddable":true,"href":"https:\/\/www.testjg.es\/ca\/wp-json\/wp\/v2\/comments?post=2057"}],"version-history":[{"count":0,"href":"https:\/\/www.testjg.es\/ca\/wp-json\/wp\/v2\/posts\/2057\/revisions"}],"wp:featuredmedia":[{"embeddable":true,"href":"https:\/\/www.testjg.es\/ca\/wp-json\/wp\/v2\/media\/3027"}],"wp:attachment":[{"href":"https:\/\/www.testjg.es\/ca\/wp-json\/wp\/v2\/media?parent=2057"}],"wp:term":[{"taxonomy":"category","embeddable":true,"href":"https:\/\/www.testjg.es\/ca\/wp-json\/wp\/v2\/categories?post=2057"},{"taxonomy":"post_tag","embeddable":true,"href":"https:\/\/www.testjg.es\/ca\/wp-json\/wp\/v2\/tags?post=2057"}],"curies":[{"name":"wp","href":"https:\/\/api.w.org\/{rel}","templated":true}]}}