{"id":2053,"date":"2016-07-12T11:02:55","date_gmt":"2016-07-12T11:02:55","guid":{"rendered":"http:\/\/www.manttest.net\/cat\/?p=2053"},"modified":"2017-10-17T15:05:21","modified_gmt":"2017-10-17T13:05:21","slug":"nou-video-de-la-jornada-tecnica-sobre-fm-organitzada-per-test-jg-2","status":"publish","type":"post","link":"https:\/\/www.testjg.es\/ca\/jornades_seminaris\/nou-video-de-la-jornada-tecnica-sobre-fm-organitzada-per-test-jg-2\/","title":{"rendered":"Nou v\u00eddeo de la jornada t\u00e8cnica sobre FM organitzada per TEST JG!"},"content":{"rendered":"<p>A continuaci\u00f3 trobareu el v\u00eddeo sobre Facility Management en el Departament de Just\u00edcia de la Generalitat de Catalunya, en el marc de la jornada <em>\u00a0<a href=\"http:\/\/www.manttest.net\/cat\/?p=1994\">Noves Tend\u00e8ncies en Gesti\u00f3 i Models d&#8217;Estalvi al Facility Management<\/a><\/em> organitzada per <a href=\"https:\/\/www.linkedin.com\/company\/test-jg\">TEST JG<\/a> el passat 1 de juny \u00a0al Barclaycard Center de Madrid,<br \/>\nLlu\u00eds Dalmau i Arb\u00f3s, Subdirector General de Patrimoni, Obres i Serveis, exposa el cas pr\u00e1ctico del modelo de gesti\u00f3 a l&#8217;administraci\u00f3 pel Departament de Just\u00edcia.<\/p>\n<p><!--more--><\/p>\n<p style=\"text-align: center;\"><iframe src=\"\/\/www.youtube.com\/embed\/i6ar7Lxy_HI?feature=player_detailpage\" width=\"640\" height=\"360\" frameborder=\"0\" align=\"middle\" allowfullscreen=\"allowfullscreen\"><\/iframe><\/p>\n<p style=\"text-align: center;\">Esperem que sigui del vostre inter\u00e8s!<\/p>\n<p style=\"text-align: center;\"><span style=\"text-align: justify; line-height: 1.5em;\">Descarregar la presentaci\u00f3\u00a0<a href=\"http:\/\/www.manttest.net\/es\/wp-content\/uploads\/2016\/06\/2_Lluis-Dalmau.pdf\">aqu\u00ed<\/a><\/span><\/p>\n","protected":false},"excerpt":{"rendered":"<p>A continuaci\u00f3 trobareu el v\u00eddeo sobre Facility Management en el Departament de Just\u00edcia de la Generalitat de Catalunya, en el marc de la jornada \u00a0Noves Tend\u00e8ncies en Gesti\u00f3 i Models d&#8217;Estalvi al Facility Management organitzada per TEST JG el passat 1 de juny \u00a0al Barclaycard Center de Madrid, Llu\u00eds Dalmau i Arb\u00f3s, Subdirector General de [&hellip;]<\/p>\n","protected":false},"author":4,"featured_media":2998,"comment_status":"closed","ping_status":"closed","sticky":false,"template":"","format":"standard","meta":{"_acf_changed":false,"footnotes":""},"categories":[149,144,146,145],"tags":[104,94,102,96,107],"class_list":["post-2053","post","type-post","status-publish","format-standard","has-post-thumbnail","hentry","category-jg-ingenieros","category-jornades_seminaris","category-manttestnet","category-test_jg","tag-facility-management","tag-jornada","tag-mantest-net","tag-seminari","tag-test-jg"],"acf":[],"yoast_head":"<!-- This site is optimized with the Yoast SEO plugin v24.3 - https:\/\/yoast.com\/wordpress\/plugins\/seo\/ -->\n<title>Nou v\u00eddeo de la jornada t\u00e8cnica sobre FM organitzada per TEST JG! - TEST JG<\/title>\n<meta name=\"robots\" content=\"index, follow, max-snippet:-1, max-image-preview:large, max-video-preview:-1\" \/>\n<link rel=\"canonical\" href=\"https:\/\/www.testjg.es\/ca\/jornades_seminaris\/nou-video-de-la-jornada-tecnica-sobre-fm-organitzada-per-test-jg-2\/\" \/>\n<meta property=\"og:locale\" content=\"ca_ES\" \/>\n<meta property=\"og:type\" content=\"article\" \/>\n<meta property=\"og:title\" content=\"Nou v\u00eddeo de la jornada t\u00e8cnica sobre FM organitzada per TEST JG! - TEST JG\" \/>\n<meta property=\"og:description\" content=\"A continuaci\u00f3 trobareu el v\u00eddeo sobre Facility Management en el Departament de Just\u00edcia de la Generalitat de Catalunya, en el marc de la jornada \u00a0Noves Tend\u00e8ncies en Gesti\u00f3 i Models d&#8217;Estalvi al Facility Management organitzada per TEST JG el passat 1 de juny \u00a0al Barclaycard Center de Madrid, Llu\u00eds Dalmau i Arb\u00f3s, Subdirector General de [&hellip;]\" \/>\n<meta property=\"og:url\" content=\"https:\/\/www.testjg.es\/ca\/jornades_seminaris\/nou-video-de-la-jornada-tecnica-sobre-fm-organitzada-per-test-jg-2\/\" \/>\n<meta property=\"og:site_name\" content=\"TEST JG\" \/>\n<meta property=\"article:published_time\" content=\"2016-07-12T11:02:55+00:00\" \/>\n<meta property=\"article:modified_time\" content=\"2017-10-17T13:05:21+00:00\" \/>\n<meta property=\"og:image\" content=\"https:\/\/www.testjg.es\/wp-content\/uploads\/2016\/10\/1-madrid-1170x429_c.png\" \/>\n\t<meta property=\"og:image:width\" content=\"1170\" \/>\n\t<meta property=\"og:image:height\" content=\"429\" \/>\n\t<meta property=\"og:image:type\" content=\"image\/png\" \/>\n<meta name=\"author\" content=\"javier\" \/>\n<meta name=\"twitter:card\" content=\"summary_large_image\" \/>\n<meta name=\"twitter:label1\" content=\"Escrit per\" \/>\n\t<meta name=\"twitter:data1\" content=\"javier\" \/>\n<script type=\"application\/ld+json\" class=\"yoast-schema-graph\">{\"@context\":\"https:\/\/schema.org\",\"@graph\":[{\"@type\":\"WebPage\",\"@id\":\"https:\/\/www.testjg.es\/ca\/jornades_seminaris\/nou-video-de-la-jornada-tecnica-sobre-fm-organitzada-per-test-jg-2\/\",\"url\":\"https:\/\/www.testjg.es\/ca\/jornades_seminaris\/nou-video-de-la-jornada-tecnica-sobre-fm-organitzada-per-test-jg-2\/\",\"name\":\"Nou v\u00eddeo de la jornada t\u00e8cnica sobre FM organitzada per TEST JG! - TEST JG\",\"isPartOf\":{\"@id\":\"https:\/\/www.testjg.es\/en\/#website\"},\"primaryImageOfPage\":{\"@id\":\"https:\/\/www.testjg.es\/ca\/jornades_seminaris\/nou-video-de-la-jornada-tecnica-sobre-fm-organitzada-per-test-jg-2\/#primaryimage\"},\"image\":{\"@id\":\"https:\/\/www.testjg.es\/ca\/jornades_seminaris\/nou-video-de-la-jornada-tecnica-sobre-fm-organitzada-per-test-jg-2\/#primaryimage\"},\"thumbnailUrl\":\"https:\/\/www.testjg.es\/wp-content\/uploads\/2016\/10\/1-madrid-1170x429_c.png\",\"datePublished\":\"2016-07-12T11:02:55+00:00\",\"dateModified\":\"2017-10-17T13:05:21+00:00\",\"author\":{\"@id\":\"https:\/\/www.testjg.es\/en\/#\/schema\/person\/288191d18868c16768f7e42d38e6cb86\"},\"breadcrumb\":{\"@id\":\"https:\/\/www.testjg.es\/ca\/jornades_seminaris\/nou-video-de-la-jornada-tecnica-sobre-fm-organitzada-per-test-jg-2\/#breadcrumb\"},\"inLanguage\":\"ca\",\"potentialAction\":[{\"@type\":\"ReadAction\",\"target\":[\"https:\/\/www.testjg.es\/ca\/jornades_seminaris\/nou-video-de-la-jornada-tecnica-sobre-fm-organitzada-per-test-jg-2\/\"]}]},{\"@type\":\"ImageObject\",\"inLanguage\":\"ca\",\"@id\":\"https:\/\/www.testjg.es\/ca\/jornades_seminaris\/nou-video-de-la-jornada-tecnica-sobre-fm-organitzada-per-test-jg-2\/#primaryimage\",\"url\":\"https:\/\/www.testjg.es\/wp-content\/uploads\/2016\/10\/1-madrid-1170x429_c.png\",\"contentUrl\":\"https:\/\/www.testjg.es\/wp-content\/uploads\/2016\/10\/1-madrid-1170x429_c.png\",\"width\":1170,\"height\":429},{\"@type\":\"BreadcrumbList\",\"@id\":\"https:\/\/www.testjg.es\/ca\/jornades_seminaris\/nou-video-de-la-jornada-tecnica-sobre-fm-organitzada-per-test-jg-2\/#breadcrumb\",\"itemListElement\":[{\"@type\":\"ListItem\",\"position\":1,\"name\":\"Portada\",\"item\":\"https:\/\/www.testjg.es\/en\/\"},{\"@type\":\"ListItem\",\"position\":2,\"name\":\"Nou v\u00eddeo de la jornada t\u00e8cnica sobre FM organitzada per TEST JG!\"}]},{\"@type\":\"WebSite\",\"@id\":\"https:\/\/www.testjg.es\/en\/#website\",\"url\":\"https:\/\/www.testjg.es\/en\/\",\"name\":\"TEST JG\",\"description\":\"\",\"potentialAction\":[{\"@type\":\"SearchAction\",\"target\":{\"@type\":\"EntryPoint\",\"urlTemplate\":\"https:\/\/www.testjg.es\/en\/?s={search_term_string}\"},\"query-input\":{\"@type\":\"PropertyValueSpecification\",\"valueRequired\":true,\"valueName\":\"search_term_string\"}}],\"inLanguage\":\"ca\"},{\"@type\":\"Person\",\"@id\":\"https:\/\/www.testjg.es\/en\/#\/schema\/person\/288191d18868c16768f7e42d38e6cb86\",\"name\":\"javier\",\"image\":{\"@type\":\"ImageObject\",\"inLanguage\":\"ca\",\"@id\":\"https:\/\/www.testjg.es\/en\/#\/schema\/person\/image\/\",\"url\":\"https:\/\/secure.gravatar.com\/avatar\/9ed0819d6cc89c599d579e2fb4b8ba8f?s=96&d=mm&r=g\",\"contentUrl\":\"https:\/\/secure.gravatar.com\/avatar\/9ed0819d6cc89c599d579e2fb4b8ba8f?s=96&d=mm&r=g\",\"caption\":\"javier\"},\"url\":\"https:\/\/www.testjg.es\/ca\/author\/javier\/\"}]}<\/script>\n<!-- \/ Yoast SEO plugin. -->","yoast_head_json":{"title":"Nou v\u00eddeo de la jornada t\u00e8cnica sobre FM organitzada per TEST JG! - TEST JG","robots":{"index":"index","follow":"follow","max-snippet":"max-snippet:-1","max-image-preview":"max-image-preview:large","max-video-preview":"max-video-preview:-1"},"canonical":"https:\/\/www.testjg.es\/ca\/jornades_seminaris\/nou-video-de-la-jornada-tecnica-sobre-fm-organitzada-per-test-jg-2\/","og_locale":"ca_ES","og_type":"article","og_title":"Nou v\u00eddeo de la jornada t\u00e8cnica sobre FM organitzada per TEST JG! - TEST JG","og_description":"A continuaci\u00f3 trobareu el v\u00eddeo sobre Facility Management en el Departament de Just\u00edcia de la Generalitat de Catalunya, en el marc de la jornada \u00a0Noves Tend\u00e8ncies en Gesti\u00f3 i Models d&#8217;Estalvi al Facility Management organitzada per TEST JG el passat 1 de juny \u00a0al Barclaycard Center de Madrid, Llu\u00eds Dalmau i Arb\u00f3s, Subdirector General de [&hellip;]","og_url":"https:\/\/www.testjg.es\/ca\/jornades_seminaris\/nou-video-de-la-jornada-tecnica-sobre-fm-organitzada-per-test-jg-2\/","og_site_name":"TEST JG","article_published_time":"2016-07-12T11:02:55+00:00","article_modified_time":"2017-10-17T13:05:21+00:00","og_image":[{"width":1170,"height":429,"url":"https:\/\/www.testjg.es\/wp-content\/uploads\/2016\/10\/1-madrid-1170x429_c.png","type":"image\/png"}],"author":"javier","twitter_card":"summary_large_image","twitter_misc":{"Escrit per":"javier"},"schema":{"@context":"https:\/\/schema.org","@graph":[{"@type":"WebPage","@id":"https:\/\/www.testjg.es\/ca\/jornades_seminaris\/nou-video-de-la-jornada-tecnica-sobre-fm-organitzada-per-test-jg-2\/","url":"https:\/\/www.testjg.es\/ca\/jornades_seminaris\/nou-video-de-la-jornada-tecnica-sobre-fm-organitzada-per-test-jg-2\/","name":"Nou v\u00eddeo de la jornada t\u00e8cnica sobre FM organitzada per TEST JG! - TEST JG","isPartOf":{"@id":"https:\/\/www.testjg.es\/en\/#website"},"primaryImageOfPage":{"@id":"https:\/\/www.testjg.es\/ca\/jornades_seminaris\/nou-video-de-la-jornada-tecnica-sobre-fm-organitzada-per-test-jg-2\/#primaryimage"},"image":{"@id":"https:\/\/www.testjg.es\/ca\/jornades_seminaris\/nou-video-de-la-jornada-tecnica-sobre-fm-organitzada-per-test-jg-2\/#primaryimage"},"thumbnailUrl":"https:\/\/www.testjg.es\/wp-content\/uploads\/2016\/10\/1-madrid-1170x429_c.png","datePublished":"2016-07-12T11:02:55+00:00","dateModified":"2017-10-17T13:05:21+00:00","author":{"@id":"https:\/\/www.testjg.es\/en\/#\/schema\/person\/288191d18868c16768f7e42d38e6cb86"},"breadcrumb":{"@id":"https:\/\/www.testjg.es\/ca\/jornades_seminaris\/nou-video-de-la-jornada-tecnica-sobre-fm-organitzada-per-test-jg-2\/#breadcrumb"},"inLanguage":"ca","potentialAction":[{"@type":"ReadAction","target":["https:\/\/www.testjg.es\/ca\/jornades_seminaris\/nou-video-de-la-jornada-tecnica-sobre-fm-organitzada-per-test-jg-2\/"]}]},{"@type":"ImageObject","inLanguage":"ca","@id":"https:\/\/www.testjg.es\/ca\/jornades_seminaris\/nou-video-de-la-jornada-tecnica-sobre-fm-organitzada-per-test-jg-2\/#primaryimage","url":"https:\/\/www.testjg.es\/wp-content\/uploads\/2016\/10\/1-madrid-1170x429_c.png","contentUrl":"https:\/\/www.testjg.es\/wp-content\/uploads\/2016\/10\/1-madrid-1170x429_c.png","width":1170,"height":429},{"@type":"BreadcrumbList","@id":"https:\/\/www.testjg.es\/ca\/jornades_seminaris\/nou-video-de-la-jornada-tecnica-sobre-fm-organitzada-per-test-jg-2\/#breadcrumb","itemListElement":[{"@type":"ListItem","position":1,"name":"Portada","item":"https:\/\/www.testjg.es\/en\/"},{"@type":"ListItem","position":2,"name":"Nou v\u00eddeo de la jornada t\u00e8cnica sobre FM organitzada per TEST JG!"}]},{"@type":"WebSite","@id":"https:\/\/www.testjg.es\/en\/#website","url":"https:\/\/www.testjg.es\/en\/","name":"TEST JG","description":"","potentialAction":[{"@type":"SearchAction","target":{"@type":"EntryPoint","urlTemplate":"https:\/\/www.testjg.es\/en\/?s={search_term_string}"},"query-input":{"@type":"PropertyValueSpecification","valueRequired":true,"valueName":"search_term_string"}}],"inLanguage":"ca"},{"@type":"Person","@id":"https:\/\/www.testjg.es\/en\/#\/schema\/person\/288191d18868c16768f7e42d38e6cb86","name":"javier","image":{"@type":"ImageObject","inLanguage":"ca","@id":"https:\/\/www.testjg.es\/en\/#\/schema\/person\/image\/","url":"https:\/\/secure.gravatar.com\/avatar\/9ed0819d6cc89c599d579e2fb4b8ba8f?s=96&d=mm&r=g","contentUrl":"https:\/\/secure.gravatar.com\/avatar\/9ed0819d6cc89c599d579e2fb4b8ba8f?s=96&d=mm&r=g","caption":"javier"},"url":"https:\/\/www.testjg.es\/ca\/author\/javier\/"}]}},"_links":{"self":[{"href":"https:\/\/www.testjg.es\/ca\/wp-json\/wp\/v2\/posts\/2053","targetHints":{"allow":["GET"]}}],"collection":[{"href":"https:\/\/www.testjg.es\/ca\/wp-json\/wp\/v2\/posts"}],"about":[{"href":"https:\/\/www.testjg.es\/ca\/wp-json\/wp\/v2\/types\/post"}],"author":[{"embeddable":true,"href":"https:\/\/www.testjg.es\/ca\/wp-json\/wp\/v2\/users\/4"}],"replies":[{"embeddable":true,"href":"https:\/\/www.testjg.es\/ca\/wp-json\/wp\/v2\/comments?post=2053"}],"version-history":[{"count":0,"href":"https:\/\/www.testjg.es\/ca\/wp-json\/wp\/v2\/posts\/2053\/revisions"}],"wp:featuredmedia":[{"embeddable":true,"href":"https:\/\/www.testjg.es\/ca\/wp-json\/wp\/v2\/media\/2998"}],"wp:attachment":[{"href":"https:\/\/www.testjg.es\/ca\/wp-json\/wp\/v2\/media?parent=2053"}],"wp:term":[{"taxonomy":"category","embeddable":true,"href":"https:\/\/www.testjg.es\/ca\/wp-json\/wp\/v2\/categories?post=2053"},{"taxonomy":"post_tag","embeddable":true,"href":"https:\/\/www.testjg.es\/ca\/wp-json\/wp\/v2\/tags?post=2053"}],"curies":[{"name":"wp","href":"https:\/\/api.w.org\/{rel}","templated":true}]}}