{"id":1994,"date":"2016-06-07T11:30:39","date_gmt":"2016-06-07T11:30:39","guid":{"rendered":"http:\/\/www.manttest.net\/cat\/?p=1994"},"modified":"2017-10-17T16:03:17","modified_gmt":"2017-10-17T14:03:17","slug":"resum-de-la-jornada-de-noves-tendencies-per-a-la-gestio-i-model-destalvi-en-fm-organitzada-per-test-jg","status":"publish","type":"post","link":"https:\/\/www.testjg.es\/ca\/jornades_seminaris\/resum-de-la-jornada-de-noves-tendencies-per-a-la-gestio-i-model-destalvi-en-fm-organitzada-per-test-jg\/","title":{"rendered":"Resum de la jornada de Noves tend\u00e8ncies per a la gesti\u00f3 i model d&#8217;estalvi en FM organitzada per TEST JG"},"content":{"rendered":"<p style=\"text-align: justify;\"><a title=\"TEST JG\" href=\"https:\/\/www.linkedin.com\/company\/test-jg\">TEST JG &#8211; Consultor\u00eda de Facility Management<\/a>, va celebrar el passat 1 de Juny al\u00a0Barclaycard Center (abans conegut pel Palacio de Deportes de la Comunidad de Madrid) la jornada t\u00e8cnica \u201c<em>Noves tend\u00e8ncies per a la gesti\u00f3 i models d&#8217;estalvi en Faclity Management<\/em>\u201d.<\/p>\n<p style=\"text-align: justify;\"><!--more-->Despr\u00e9s de la presentaci\u00f3 de la jornada a c\u00e0rrec d&#8217;en Joan Gallostra (Director General de\u00a0JG Ingenieros), els m\u00e9s de 100 participants van poder assistir a dues sessions programades:<\/p>\n<p style=\"text-align: justify;\"><span style=\"text-decoration: underline;\">PRESENTACI\u00d3 DE CASOS PR\u00c0CTICS:<\/span><br \/>\nEn aquesta primera sessi\u00f3, experts en la gesti\u00f3 del FM van explicar les dificultats i obstacles que es troben al dia a dia de la seva feina:<\/p>\n<ul style=\"font-size: 15px; text-align: justify;\">\n<li style=\"list-style-position: outside;\">Monserrat Castellanos (Doctora Arquitecta per la UPM. M\u00e0ster en FM. Directora \u00c0rea FM a Grupo Clece) expos\u00e0 de forma molt amena, la seva forma de veure la gesti\u00f3 de FM amb els seus &#8220;Pendientes de servicios&#8221;.<\/li>\n<\/ul>\n<ul style=\"font-size: 15px; text-align: justify;\">\n<li style=\"list-style-position: outside;\">Llu\u00eds Dalmau (Subdirector general de Patrimoni, Obres i Serveis, del Departament de Just\u00edcia de la Generalitat de Catalunya) present\u00e0 els models de gesti\u00f3 emprats per l&#8217;administraci\u00f3 del patrimoni immobiliari del Departament, on intervenen m\u00e9s de 130 edificis d&#8217;antiguetat, usos i dimensions molt diferents repartirs en 1.145.617,22 m2 constru\u00efts.<\/li>\n<\/ul>\n<ul style=\"font-size: 15px; text-align: justify;\">\n<li style=\"list-style-position: outside;\">Manuel Saucedo (Director de Barclaycard Center), amb m\u00e9s de 660 esdeveniments realitzats en els \u00faltims vuit anys, de \u00edndole tant diversa com aconteixements esportius, concerts, festes corporatives, family shows, actes pol\u00edtics i religiosos, amb xifres que s&#8217;aproximen als 1.500.000 espectadors a l&#8217;any, ens pos\u00e0 al corrent dels la complexitat que comporta la gesti\u00f3 del centre i en especial, ocupar-se de la seguretat dels assistents.<\/li>\n<\/ul>\n<p style=\"text-align: justify;\"><span style=\"text-decoration: underline;\">EINES DE GESTI\u00d3 PEL FACILITY MANAGEMENT:<\/span><\/p>\n<p style=\"text-align: justify;\">Despr\u00e9s de la pausa-caf\u00e9, la segona sessi\u00f3 va tractar sobre MantTest.net, software de gesti\u00f3 de Facility Management, i les seves principals prestacions en realci\u00f3 als serveis de manteniment, neteja, eficiencia energ\u00e8tica, seguretat i salut aix\u00ed com en aspectes de mobilitat. Els col\u00b7laboradors SMDos, DEXMA i M\u00f3vilGMAO van presentar els seus productes i la seva connexi\u00f3 amb MantTest.net.<\/p>\n<p style=\"text-align: justify;\"><span style=\"line-height: 1.5em;\">En Josep Ort\u00ed, Director Gerent de TEST JG, tanc\u00e0 la sessi\u00f3 amb un especial menci\u00f3 a l&#8217;an\u00e0lisi dels costos d&#8217;explotaci\u00f3 i en aspectes d&#8217;estalvi associats al model de Facility Management. La jornada es va acabar amb un debat general entre els assistents i els ponents.<\/span><\/p>\n<p style=\"text-align: justify;\"><span style=\"line-height: 1.5em;\">Ja estan disponibles les presentacions a continuaci\u00f3:<\/span><\/p>\n<ul style=\"font-size: 15px; text-align: justify;\">\n<li><a href=\"http:\/\/www.manttest.net\/es\/wp-content\/uploads\/2016\/06\/FM-Madrid-JGI-2.pdf\">Presentaci\u00f3n de la jornada<\/a>&#8211; Juan Gallostra Isern<\/li>\n<li><a href=\"http:\/\/www.manttest.net\/es\/wp-content\/uploads\/2016\/06\/1_MCastellanos.pdf\">Los pendientes en la gesti\u00f3n de servicios<\/a>&#8211; Montserrat Castellanos<\/li>\n<li><a href=\"http:\/\/www.manttest.net\/es\/wp-content\/uploads\/2016\/06\/2_Lluis-Dalmau.pdf\">FM en el Departament de Just\u00edcia de la Generalitat de Catalunya<\/a>, <a href=\"http:\/\/www.manttest.net\/es\/wp-content\/uploads\/2016\/06\/INDICADORS.xlsx\">Indicadores.xlsx<\/a>\u00a0y\u00a0<a style=\"line-height: 1.5em;\" href=\"http:\/\/www.manttest.net\/es\/wp-content\/uploads\/2016\/06\/LlistatEdificisDJ.xlsx\">Edificios del DJ.xlsx<\/a>&#8211; Llu\u00eds Dalmau<\/li>\n<li><a href=\"http:\/\/www.manttest.net\/es\/wp-content\/uploads\/2016\/06\/smdos.pdf\">SMDos, gesti\u00f3n preventiva de proveedores<\/a>&#8211; Manuel Sanz<\/li>\n<li><a href=\"http:\/\/www.manttest.net\/es\/wp-content\/uploads\/2016\/06\/5-DEXMA.pdf\">DEXCell Energy Manager, gesti\u00f3n energ\u00e9tica<\/a>&#8211; Jordi Figueras<\/li>\n<li><a href=\"http:\/\/www.manttest.net\/es\/wp-content\/uploads\/2016\/06\/6_MovilGmao.pdf\">M\u00f3vilGMAO, soluci\u00f3n APP m\u00f3vil para t\u00e9cnicos de mantenimiento<\/a>&#8211; Iv\u00e1n Rodr\u00edguez<\/li>\n<li><a href=\"http:\/\/www.manttest.net\/es\/wp-content\/uploads\/2016\/06\/7_MantTest.net_.pdf\">MantTest.net, software de gesti\u00f3n de FM<\/a>&#8211; Josep Ort\u00ed<\/li>\n<li><a href=\"http:\/\/www.manttest.net\/es\/wp-content\/uploads\/2016\/06\/8_conclusiones.pdf\">Conclusiones y cierre de la jornada<\/a>&#8211; Josep Ort\u00ed<\/li>\n<\/ul>\n<p style=\"text-align: justify;\">En breu estaran tamb\u00e9 disponibles els v\u00eddeos de cada una d&#8217;elles, per\u00f2 de moment aqu\u00ed hi ha algunes fotografies!<\/p>\n<div id='gallery-1' class='gallery galleryid-1994 gallery-columns-5 gallery-size-thumbnail'><figure class='gallery-item'>\n\t\t\t<div class='gallery-icon landscape'>\n\t\t\t\t<img decoding=\"async\" width=\"150\" height=\"150\" src=\"https:\/\/www.testjg.es\/wp-content\/uploads\/2016\/06\/maintenance-bg-150x150.jpg\" class=\"attachment-thumbnail size-thumbnail\" alt=\"\" srcset=\"https:\/\/www.testjg.es\/wp-content\/uploads\/2016\/06\/maintenance-bg-150x150.jpg 150w, https:\/\/www.testjg.es\/wp-content\/uploads\/2016\/06\/maintenance-bg-300x300.jpg 300w, https:\/\/www.testjg.es\/wp-content\/uploads\/2016\/06\/maintenance-bg-100x100.jpg 100w\" sizes=\"(max-width: 150px) 100vw, 150px\" \/>\n\t\t\t<\/div><\/figure><figure class='gallery-item'>\n\t\t\t<div class='gallery-icon landscape'>\n\t\t\t\t<img decoding=\"async\" width=\"150\" height=\"150\" src=\"https:\/\/www.testjg.es\/wp-content\/uploads\/2016\/06\/comingsoon-bg-150x150.jpg\" class=\"attachment-thumbnail size-thumbnail\" alt=\"\" srcset=\"https:\/\/www.testjg.es\/wp-content\/uploads\/2016\/06\/comingsoon-bg-150x150.jpg 150w, https:\/\/www.testjg.es\/wp-content\/uploads\/2016\/06\/comingsoon-bg-300x300.jpg 300w, https:\/\/www.testjg.es\/wp-content\/uploads\/2016\/06\/comingsoon-bg-100x100.jpg 100w\" sizes=\"(max-width: 150px) 100vw, 150px\" \/>\n\t\t\t<\/div><\/figure>\n\t\t<\/div>\n\n<p>&nbsp;<\/p>\n","protected":false},"excerpt":{"rendered":"<p>TEST JG &#8211; Consultor\u00eda de Facility Management, va celebrar el passat 1 de Juny al\u00a0Barclaycard Center (abans conegut pel Palacio de Deportes de la Comunidad de Madrid) la jornada t\u00e8cnica \u201cNoves tend\u00e8ncies per a la gesti\u00f3 i models d&#8217;estalvi en Faclity Management\u201d.<\/p>\n","protected":false},"author":4,"featured_media":2998,"comment_status":"closed","ping_status":"closed","sticky":false,"template":"","format":"standard","meta":{"_acf_changed":false,"footnotes":""},"categories":[144,146,145],"tags":[105,104,106,102,107],"class_list":["post-1994","post","type-post","status-publish","format-standard","has-post-thumbnail","hentry","category-jornades_seminaris","category-manttestnet","category-test_jg","tag-energia","tag-facility-management","tag-jornada-tecnica","tag-mantest-net","tag-test-jg"],"acf":[],"yoast_head":"<!-- This site is optimized with the Yoast SEO plugin v24.3 - https:\/\/yoast.com\/wordpress\/plugins\/seo\/ -->\n<title>Resum de la jornada de Noves tend\u00e8ncies per a la gesti\u00f3 i model d&#039;estalvi en FM organitzada per TEST JG - TEST JG<\/title>\n<meta name=\"robots\" content=\"index, follow, max-snippet:-1, max-image-preview:large, max-video-preview:-1\" \/>\n<link rel=\"canonical\" href=\"https:\/\/www.testjg.es\/ca\/jornades_seminaris\/resum-de-la-jornada-de-noves-tendencies-per-a-la-gestio-i-model-destalvi-en-fm-organitzada-per-test-jg\/\" \/>\n<meta property=\"og:locale\" content=\"ca_ES\" \/>\n<meta property=\"og:type\" content=\"article\" \/>\n<meta property=\"og:title\" content=\"Resum de la jornada de Noves tend\u00e8ncies per a la gesti\u00f3 i model d&#039;estalvi en FM organitzada per TEST JG - TEST JG\" \/>\n<meta property=\"og:description\" content=\"TEST JG &#8211; Consultor\u00eda de Facility Management, va celebrar el passat 1 de Juny al\u00a0Barclaycard Center (abans conegut pel Palacio de Deportes de la Comunidad de Madrid) la jornada t\u00e8cnica \u201cNoves tend\u00e8ncies per a la gesti\u00f3 i models d&#8217;estalvi en Faclity Management\u201d.\" \/>\n<meta property=\"og:url\" content=\"https:\/\/www.testjg.es\/ca\/jornades_seminaris\/resum-de-la-jornada-de-noves-tendencies-per-a-la-gestio-i-model-destalvi-en-fm-organitzada-per-test-jg\/\" \/>\n<meta property=\"og:site_name\" content=\"TEST JG\" \/>\n<meta property=\"article:published_time\" content=\"2016-06-07T11:30:39+00:00\" \/>\n<meta property=\"article:modified_time\" content=\"2017-10-17T14:03:17+00:00\" \/>\n<meta property=\"og:image\" content=\"https:\/\/www.testjg.es\/wp-content\/uploads\/2016\/10\/1-madrid-1170x429_c.png\" \/>\n\t<meta property=\"og:image:width\" content=\"1170\" \/>\n\t<meta property=\"og:image:height\" content=\"429\" \/>\n\t<meta property=\"og:image:type\" content=\"image\/png\" \/>\n<meta name=\"author\" content=\"javier\" \/>\n<meta name=\"twitter:card\" content=\"summary_large_image\" \/>\n<meta name=\"twitter:label1\" content=\"Escrit per\" \/>\n\t<meta name=\"twitter:data1\" content=\"javier\" \/>\n\t<meta name=\"twitter:label2\" content=\"Temps estimat de lectura\" \/>\n\t<meta name=\"twitter:data2\" content=\"2 minuts\" \/>\n<script type=\"application\/ld+json\" class=\"yoast-schema-graph\">{\"@context\":\"https:\/\/schema.org\",\"@graph\":[{\"@type\":\"WebPage\",\"@id\":\"https:\/\/www.testjg.es\/ca\/jornades_seminaris\/resum-de-la-jornada-de-noves-tendencies-per-a-la-gestio-i-model-destalvi-en-fm-organitzada-per-test-jg\/\",\"url\":\"https:\/\/www.testjg.es\/ca\/jornades_seminaris\/resum-de-la-jornada-de-noves-tendencies-per-a-la-gestio-i-model-destalvi-en-fm-organitzada-per-test-jg\/\",\"name\":\"Resum de la jornada de Noves tend\u00e8ncies per a la gesti\u00f3 i model d'estalvi en FM organitzada per TEST JG - TEST JG\",\"isPartOf\":{\"@id\":\"https:\/\/www.testjg.es\/en\/#website\"},\"primaryImageOfPage\":{\"@id\":\"https:\/\/www.testjg.es\/ca\/jornades_seminaris\/resum-de-la-jornada-de-noves-tendencies-per-a-la-gestio-i-model-destalvi-en-fm-organitzada-per-test-jg\/#primaryimage\"},\"image\":{\"@id\":\"https:\/\/www.testjg.es\/ca\/jornades_seminaris\/resum-de-la-jornada-de-noves-tendencies-per-a-la-gestio-i-model-destalvi-en-fm-organitzada-per-test-jg\/#primaryimage\"},\"thumbnailUrl\":\"https:\/\/www.testjg.es\/wp-content\/uploads\/2016\/10\/1-madrid-1170x429_c.png\",\"datePublished\":\"2016-06-07T11:30:39+00:00\",\"dateModified\":\"2017-10-17T14:03:17+00:00\",\"author\":{\"@id\":\"https:\/\/www.testjg.es\/en\/#\/schema\/person\/288191d18868c16768f7e42d38e6cb86\"},\"breadcrumb\":{\"@id\":\"https:\/\/www.testjg.es\/ca\/jornades_seminaris\/resum-de-la-jornada-de-noves-tendencies-per-a-la-gestio-i-model-destalvi-en-fm-organitzada-per-test-jg\/#breadcrumb\"},\"inLanguage\":\"ca\",\"potentialAction\":[{\"@type\":\"ReadAction\",\"target\":[\"https:\/\/www.testjg.es\/ca\/jornades_seminaris\/resum-de-la-jornada-de-noves-tendencies-per-a-la-gestio-i-model-destalvi-en-fm-organitzada-per-test-jg\/\"]}]},{\"@type\":\"ImageObject\",\"inLanguage\":\"ca\",\"@id\":\"https:\/\/www.testjg.es\/ca\/jornades_seminaris\/resum-de-la-jornada-de-noves-tendencies-per-a-la-gestio-i-model-destalvi-en-fm-organitzada-per-test-jg\/#primaryimage\",\"url\":\"https:\/\/www.testjg.es\/wp-content\/uploads\/2016\/10\/1-madrid-1170x429_c.png\",\"contentUrl\":\"https:\/\/www.testjg.es\/wp-content\/uploads\/2016\/10\/1-madrid-1170x429_c.png\",\"width\":1170,\"height\":429},{\"@type\":\"BreadcrumbList\",\"@id\":\"https:\/\/www.testjg.es\/ca\/jornades_seminaris\/resum-de-la-jornada-de-noves-tendencies-per-a-la-gestio-i-model-destalvi-en-fm-organitzada-per-test-jg\/#breadcrumb\",\"itemListElement\":[{\"@type\":\"ListItem\",\"position\":1,\"name\":\"Portada\",\"item\":\"https:\/\/www.testjg.es\/en\/\"},{\"@type\":\"ListItem\",\"position\":2,\"name\":\"Resum de la jornada de Noves tend\u00e8ncies per a la gesti\u00f3 i model d&#8217;estalvi en FM organitzada per TEST JG\"}]},{\"@type\":\"WebSite\",\"@id\":\"https:\/\/www.testjg.es\/en\/#website\",\"url\":\"https:\/\/www.testjg.es\/en\/\",\"name\":\"TEST JG\",\"description\":\"\",\"potentialAction\":[{\"@type\":\"SearchAction\",\"target\":{\"@type\":\"EntryPoint\",\"urlTemplate\":\"https:\/\/www.testjg.es\/en\/?s={search_term_string}\"},\"query-input\":{\"@type\":\"PropertyValueSpecification\",\"valueRequired\":true,\"valueName\":\"search_term_string\"}}],\"inLanguage\":\"ca\"},{\"@type\":\"Person\",\"@id\":\"https:\/\/www.testjg.es\/en\/#\/schema\/person\/288191d18868c16768f7e42d38e6cb86\",\"name\":\"javier\",\"image\":{\"@type\":\"ImageObject\",\"inLanguage\":\"ca\",\"@id\":\"https:\/\/www.testjg.es\/en\/#\/schema\/person\/image\/\",\"url\":\"https:\/\/secure.gravatar.com\/avatar\/9ed0819d6cc89c599d579e2fb4b8ba8f?s=96&d=mm&r=g\",\"contentUrl\":\"https:\/\/secure.gravatar.com\/avatar\/9ed0819d6cc89c599d579e2fb4b8ba8f?s=96&d=mm&r=g\",\"caption\":\"javier\"},\"url\":\"https:\/\/www.testjg.es\/ca\/author\/javier\/\"}]}<\/script>\n<!-- \/ Yoast SEO plugin. -->","yoast_head_json":{"title":"Resum de la jornada de Noves tend\u00e8ncies per a la gesti\u00f3 i model d'estalvi en FM organitzada per TEST JG - TEST JG","robots":{"index":"index","follow":"follow","max-snippet":"max-snippet:-1","max-image-preview":"max-image-preview:large","max-video-preview":"max-video-preview:-1"},"canonical":"https:\/\/www.testjg.es\/ca\/jornades_seminaris\/resum-de-la-jornada-de-noves-tendencies-per-a-la-gestio-i-model-destalvi-en-fm-organitzada-per-test-jg\/","og_locale":"ca_ES","og_type":"article","og_title":"Resum de la jornada de Noves tend\u00e8ncies per a la gesti\u00f3 i model d'estalvi en FM organitzada per TEST JG - TEST JG","og_description":"TEST JG &#8211; Consultor\u00eda de Facility Management, va celebrar el passat 1 de Juny al\u00a0Barclaycard Center (abans conegut pel Palacio de Deportes de la Comunidad de Madrid) la jornada t\u00e8cnica \u201cNoves tend\u00e8ncies per a la gesti\u00f3 i models d&#8217;estalvi en Faclity Management\u201d.","og_url":"https:\/\/www.testjg.es\/ca\/jornades_seminaris\/resum-de-la-jornada-de-noves-tendencies-per-a-la-gestio-i-model-destalvi-en-fm-organitzada-per-test-jg\/","og_site_name":"TEST JG","article_published_time":"2016-06-07T11:30:39+00:00","article_modified_time":"2017-10-17T14:03:17+00:00","og_image":[{"width":1170,"height":429,"url":"https:\/\/www.testjg.es\/wp-content\/uploads\/2016\/10\/1-madrid-1170x429_c.png","type":"image\/png"}],"author":"javier","twitter_card":"summary_large_image","twitter_misc":{"Escrit per":"javier","Temps estimat de lectura":"2 minuts"},"schema":{"@context":"https:\/\/schema.org","@graph":[{"@type":"WebPage","@id":"https:\/\/www.testjg.es\/ca\/jornades_seminaris\/resum-de-la-jornada-de-noves-tendencies-per-a-la-gestio-i-model-destalvi-en-fm-organitzada-per-test-jg\/","url":"https:\/\/www.testjg.es\/ca\/jornades_seminaris\/resum-de-la-jornada-de-noves-tendencies-per-a-la-gestio-i-model-destalvi-en-fm-organitzada-per-test-jg\/","name":"Resum de la jornada de Noves tend\u00e8ncies per a la gesti\u00f3 i model d'estalvi en FM organitzada per TEST JG - TEST JG","isPartOf":{"@id":"https:\/\/www.testjg.es\/en\/#website"},"primaryImageOfPage":{"@id":"https:\/\/www.testjg.es\/ca\/jornades_seminaris\/resum-de-la-jornada-de-noves-tendencies-per-a-la-gestio-i-model-destalvi-en-fm-organitzada-per-test-jg\/#primaryimage"},"image":{"@id":"https:\/\/www.testjg.es\/ca\/jornades_seminaris\/resum-de-la-jornada-de-noves-tendencies-per-a-la-gestio-i-model-destalvi-en-fm-organitzada-per-test-jg\/#primaryimage"},"thumbnailUrl":"https:\/\/www.testjg.es\/wp-content\/uploads\/2016\/10\/1-madrid-1170x429_c.png","datePublished":"2016-06-07T11:30:39+00:00","dateModified":"2017-10-17T14:03:17+00:00","author":{"@id":"https:\/\/www.testjg.es\/en\/#\/schema\/person\/288191d18868c16768f7e42d38e6cb86"},"breadcrumb":{"@id":"https:\/\/www.testjg.es\/ca\/jornades_seminaris\/resum-de-la-jornada-de-noves-tendencies-per-a-la-gestio-i-model-destalvi-en-fm-organitzada-per-test-jg\/#breadcrumb"},"inLanguage":"ca","potentialAction":[{"@type":"ReadAction","target":["https:\/\/www.testjg.es\/ca\/jornades_seminaris\/resum-de-la-jornada-de-noves-tendencies-per-a-la-gestio-i-model-destalvi-en-fm-organitzada-per-test-jg\/"]}]},{"@type":"ImageObject","inLanguage":"ca","@id":"https:\/\/www.testjg.es\/ca\/jornades_seminaris\/resum-de-la-jornada-de-noves-tendencies-per-a-la-gestio-i-model-destalvi-en-fm-organitzada-per-test-jg\/#primaryimage","url":"https:\/\/www.testjg.es\/wp-content\/uploads\/2016\/10\/1-madrid-1170x429_c.png","contentUrl":"https:\/\/www.testjg.es\/wp-content\/uploads\/2016\/10\/1-madrid-1170x429_c.png","width":1170,"height":429},{"@type":"BreadcrumbList","@id":"https:\/\/www.testjg.es\/ca\/jornades_seminaris\/resum-de-la-jornada-de-noves-tendencies-per-a-la-gestio-i-model-destalvi-en-fm-organitzada-per-test-jg\/#breadcrumb","itemListElement":[{"@type":"ListItem","position":1,"name":"Portada","item":"https:\/\/www.testjg.es\/en\/"},{"@type":"ListItem","position":2,"name":"Resum de la jornada de Noves tend\u00e8ncies per a la gesti\u00f3 i model d&#8217;estalvi en FM organitzada per TEST JG"}]},{"@type":"WebSite","@id":"https:\/\/www.testjg.es\/en\/#website","url":"https:\/\/www.testjg.es\/en\/","name":"TEST JG","description":"","potentialAction":[{"@type":"SearchAction","target":{"@type":"EntryPoint","urlTemplate":"https:\/\/www.testjg.es\/en\/?s={search_term_string}"},"query-input":{"@type":"PropertyValueSpecification","valueRequired":true,"valueName":"search_term_string"}}],"inLanguage":"ca"},{"@type":"Person","@id":"https:\/\/www.testjg.es\/en\/#\/schema\/person\/288191d18868c16768f7e42d38e6cb86","name":"javier","image":{"@type":"ImageObject","inLanguage":"ca","@id":"https:\/\/www.testjg.es\/en\/#\/schema\/person\/image\/","url":"https:\/\/secure.gravatar.com\/avatar\/9ed0819d6cc89c599d579e2fb4b8ba8f?s=96&d=mm&r=g","contentUrl":"https:\/\/secure.gravatar.com\/avatar\/9ed0819d6cc89c599d579e2fb4b8ba8f?s=96&d=mm&r=g","caption":"javier"},"url":"https:\/\/www.testjg.es\/ca\/author\/javier\/"}]}},"_links":{"self":[{"href":"https:\/\/www.testjg.es\/ca\/wp-json\/wp\/v2\/posts\/1994","targetHints":{"allow":["GET"]}}],"collection":[{"href":"https:\/\/www.testjg.es\/ca\/wp-json\/wp\/v2\/posts"}],"about":[{"href":"https:\/\/www.testjg.es\/ca\/wp-json\/wp\/v2\/types\/post"}],"author":[{"embeddable":true,"href":"https:\/\/www.testjg.es\/ca\/wp-json\/wp\/v2\/users\/4"}],"replies":[{"embeddable":true,"href":"https:\/\/www.testjg.es\/ca\/wp-json\/wp\/v2\/comments?post=1994"}],"version-history":[{"count":0,"href":"https:\/\/www.testjg.es\/ca\/wp-json\/wp\/v2\/posts\/1994\/revisions"}],"wp:featuredmedia":[{"embeddable":true,"href":"https:\/\/www.testjg.es\/ca\/wp-json\/wp\/v2\/media\/2998"}],"wp:attachment":[{"href":"https:\/\/www.testjg.es\/ca\/wp-json\/wp\/v2\/media?parent=1994"}],"wp:term":[{"taxonomy":"category","embeddable":true,"href":"https:\/\/www.testjg.es\/ca\/wp-json\/wp\/v2\/categories?post=1994"},{"taxonomy":"post_tag","embeddable":true,"href":"https:\/\/www.testjg.es\/ca\/wp-json\/wp\/v2\/tags?post=1994"}],"curies":[{"name":"wp","href":"https:\/\/api.w.org\/{rel}","templated":true}]}}